{"id":15295,"date":"2020-02-10T11:53:01","date_gmt":"2020-02-10T14:53:01","guid":{"rendered":"https:\/\/blogs.correiobraziliense.com.br\/servidor\/?p=15295"},"modified":"2020-02-10T11:53:01","modified_gmt":"2020-02-10T14:53:01","slug":"assibge-parasitas-do-governo-bolsonaro-querem-privar-o-povo-brasileiro-dos-servicos-publicos","status":"publish","type":"post","link":"https:\/\/blogs.correiobraziliense.com.br\/servidor\/assibge-parasitas-do-governo-bolsonaro-querem-privar-o-povo-brasileiro-dos-servicos-publicos\/","title":{"rendered":"AssIBGE &#8211; Parasitas do governo Bolsonaro querem privar o povo brasileiro dos servi\u00e7os p\u00fablicos"},"content":{"rendered":"<p><em>A AssIBGE (Sindicato Nacional do IBGE) repudia por completo a fala do Ministro Paulo Guedes, que classificou os servidores p\u00fablicos de \u201cparasitas\u201d. &#8220;As ofensas de Paulo Guedes n\u00e3o atingem apenas o funcionalismo, s\u00e3o ataques a todo o servi\u00e7o p\u00fablico e a popula\u00e7\u00e3o brasileira&#8221;, destaca a entidade<\/em><\/p>\n<p>Veja a nota:<\/p>\n<p>&#8220;Lembramos que foi o mesmo ministro que proferiu a frase \u201cQuem pergunta demais, descobre o que n\u00e3o quer\u201d, para justificar os cortes da verba e do question\u00e1rio do Censo Demogr\u00e1fico 2020.<br \/>\nIrrespons\u00e1veis, incompetentes e parasitas s\u00e3o os que teimam em colocar um censo demogr\u00e1fico em campo sem os recursos necess\u00e1rios, que garantiriam uma opera\u00e7\u00e3o de qualidade, com pessoal e a estrutura cab\u00edvel.<\/p>\n<p>Fazem isso \u00e0 revelia dos argumentos do corpo t\u00e9cnico do IBGE, colocando em risco a credibilidade das estat\u00edsticas p\u00fablicas e do pr\u00f3prio Instituto, com graves consequ\u00eancias para as pol\u00edticas p\u00fablicas, para o conhecimento do pa\u00eds e para toda a popula\u00e7\u00e3o.<\/p>\n<p>Em sua sanha privatista Paulo Guedes desconsidera que a maioria dos servidores p\u00fablicos do pa\u00eds atua nas \u00e1reas da sa\u00fade, educa\u00e7\u00e3o e seguran\u00e7a p\u00fablica, setores fundamentais para a popula\u00e7\u00e3o brasileira, com sal\u00e1rios rebaixados e congelados.<\/p>\n<p>Tomado por preconceitos, o ministro teve a aud\u00e1cia de chamar os servidores de parasitas. Parasit\u00e1ria \u00e9 a sua pol\u00edtica ultraneoliberal, que tem por objetivo a entrega do Estado brasileiro, deixando a popula\u00e7\u00e3o \u00e0 merc\u00ea dos interesses de grupos privados.<\/p>\n<p>As ofensas de Paulo Guedes n\u00e3o atingem apenas o funcionalismo, s\u00e3o ataques a todo o servi\u00e7o p\u00fablico e a popula\u00e7\u00e3o brasileira. Em nome dos servidores do IBGE, a AssIBGE-SN exige a retrata\u00e7\u00e3o do ministro, bem como que o governo Bolsonaro reveja sua pol\u00edtica de cortes que estrangula o servi\u00e7o p\u00fablico.<\/p>\n","protected":false},"excerpt":{"rendered":"<p>A AssIBGE (Sindicato Nacional do IBGE) repudia por completo a fala do Ministro Paulo Guedes, que classificou os servidores p\u00fablicos de \u201cparasitas\u201d. &#8220;As ofensas de Paulo Guedes n\u00e3o atingem apenas o funcionalismo, s\u00e3o ataques a todo o servi\u00e7o p\u00fablico e a popula\u00e7\u00e3o brasileira&#8221;, destaca a entidade Veja a nota: &#8220;Lembramos que foi o mesmo ministro que proferiu a frase \u201cQuem [&hellip;]<\/p>\n","protected":false},"author":27,"featured_media":0,"comment_status":"open","ping_status":"closed","sticky":false,"template":"","format":"standard","meta":{"footnotes":""},"categories":[2719],"tags":[4006,16980,734,1164,98,35,10323,16960,14501,545,14379,351],"class_list":["post-15295","post","type-post","status-publish","format-standard","hentry","category-servidor","tag-assibge","tag-bolsionaro","tag-brasileiros","tag-funcionalismo","tag-governo","tag-ministro","tag-ofensas","tag-parasitas","tag-paulo-guedes","tag-populacao","tag-servicos-publicos","tag-sociedade"],"_links":{"self":[{"href":"https:\/\/blogs.correiobraziliense.com.br\/servidor\/wp-json\/wp\/v2\/posts\/15295","targetHints":{"allow":["GET"]}}],"collection":[{"href":"https:\/\/blogs.correiobraziliense.com.br\/servidor\/wp-json\/wp\/v2\/posts"}],"about":[{"href":"https:\/\/blogs.correiobraziliense.com.br\/servidor\/wp-json\/wp\/v2\/types\/post"}],"author":[{"embeddable":true,"href":"https:\/\/blogs.correiobraziliense.com.br\/servidor\/wp-json\/wp\/v2\/users\/27"}],"replies":[{"embeddable":true,"href":"https:\/\/blogs.correiobraziliense.com.br\/servidor\/wp-json\/wp\/v2\/comments?post=15295"}],"version-history":[{"count":1,"href":"https:\/\/blogs.correiobraziliense.com.br\/servidor\/wp-json\/wp\/v2\/posts\/15295\/revisions"}],"predecessor-version":[{"id":15296,"href":"https:\/\/blogs.correiobraziliense.com.br\/servidor\/wp-json\/wp\/v2\/posts\/15295\/revisions\/15296"}],"wp:attachment":[{"href":"https:\/\/blogs.correiobraziliense.com.br\/servidor\/wp-json\/wp\/v2\/media?parent=15295"}],"wp:term":[{"taxonomy":"category","embeddable":true,"href":"https:\/\/blogs.correiobraziliense.com.br\/servidor\/wp-json\/wp\/v2\/categories?post=15295"},{"taxonomy":"post_tag","embeddable":true,"href":"https:\/\/blogs.correiobraziliense.com.br\/servidor\/wp-json\/wp\/v2\/tags?post=15295"}],"curies":[{"name":"wp","href":"https:\/\/api.w.org\/{rel}","templated":true}]}}