{"id":15287,"date":"2020-02-08T00:00:40","date_gmt":"2020-02-08T03:00:40","guid":{"rendered":"https:\/\/blogs.correiobraziliense.com.br\/servidor\/?p=15287"},"modified":"2020-02-08T00:00:40","modified_gmt":"2020-02-08T03:00:40","slug":"associacao-de-delegados-da-pf-repudia-declaracoes-de-paulo-guedes","status":"publish","type":"post","link":"https:\/\/blogs.correiobraziliense.com.br\/servidor\/associacao-de-delegados-da-pf-repudia-declaracoes-de-paulo-guedes\/","title":{"rendered":"Associa\u00e7\u00e3o de Delegados da PF repudia declara\u00e7\u00f5es de Paulo Guedes"},"content":{"rendered":"<p><em>A Associa\u00e7\u00e3o Nacional dos Delegados de Pol\u00edcia Federal (ADPF) repudia n\u00e3o somente as declara\u00e7\u00f5es do Ministro Paulo Guedes, que chamou os servidores de \u201cparasitas\u201d durante uma palestra, como tamb\u00e9m a estrat\u00e9gia sistem\u00e1tica de apontar os servidores p\u00fablicos brasileiros como culpados dos problemas nacionais, silenciando sobre as causas verdadeiras, bem como a de difundir not\u00edcias inver\u00eddicas a respeito.<\/em><\/p>\n<p>Veja a nota:<\/p>\n<p>&#8220;Qualquer manual b\u00e1sico de gest\u00e3o consideraria a declara\u00e7\u00e3o do Ministro como assediante e desestimuladora. Trata-se de uma verdadeira trag\u00e9dia acompanhar reiterados ataques daquele que deveria estimular o bom funcionamento da m\u00e1quina p\u00fablica. Paulo Guedes, com suas falas, parece nutrir \u00f3dio crescente pelos agentes p\u00fablicos. E com \u00f3dio nada se constr\u00f3i.<\/p>\n<p>N\u00e3o bastasse a ofensa, o Ministro desinforma e confunde a sociedade ao afirmar que servidores p\u00fablicos t\u00eam reajustes salariais autom\u00e1ticos e acima da infla\u00e7\u00e3o. A \u00faltima negocia\u00e7\u00e3o salarial para a maioria do servi\u00e7o p\u00fablico federal se deu h\u00e1 mais de quatro anos e apenas rep\u00f4s parte da infla\u00e7\u00e3o at\u00e9 ent\u00e3o. No caso espec\u00edfico da Pol\u00edcia Federal, h\u00e1 perdas inflacion\u00e1rias desde o ano de 2016. Cada centavo de corre\u00e7\u00e3o inflacion\u00e1ria decorre de extenuantes e prolongadas negocia\u00e7\u00f5es com os governos, da mesma maneira que costuma ocorrer na iniciativa privada entre patr\u00f5es e empregados.<\/p>\n<p>Certamente os servidores da Pol\u00edcia Federal, que em pesquisas recentes foi identificada como a institui\u00e7\u00e3o de maior confiabilidade no conceito dos brasileiros, assim como os demais honrados agentes p\u00fablicos, merecem mais respeito e valoriza\u00e7\u00e3o. N\u00e3o h\u00e1 Estado forte sem institui\u00e7\u00f5es fortes. Demonizar o servidor p\u00fablico \u00e9 destruir as institui\u00e7\u00f5es e o pr\u00f3prio pa\u00eds. A quem interessa a desvaloriza\u00e7\u00e3o do servi\u00e7o p\u00fablico?<\/p>\n<p>Associa\u00e7\u00e3o Nacional dos Delegados de Pol\u00edcia Federal \u2013 ADPF&#8221;<\/p>\n","protected":false},"excerpt":{"rendered":"<p>A Associa\u00e7\u00e3o Nacional dos Delegados de Pol\u00edcia Federal (ADPF) repudia n\u00e3o somente as declara\u00e7\u00f5es do Ministro Paulo Guedes, que chamou os servidores de \u201cparasitas\u201d durante uma palestra, como tamb\u00e9m a estrat\u00e9gia sistem\u00e1tica de apontar os servidores p\u00fablicos brasileiros como culpados dos problemas nacionais, silenciando sobre as causas verdadeiras, bem como a de difundir not\u00edcias inver\u00eddicas a respeito. Veja a nota: [&hellip;]<\/p>\n","protected":false},"author":27,"featured_media":0,"comment_status":"open","ping_status":"closed","sticky":false,"template":"","format":"standard","meta":{"footnotes":""},"categories":[2719],"tags":[348,16976,2866,1218,232,16977,4693,7937,4228,7751,16960,14501,104,11373],"class_list":["post-15287","post","type-post","status-publish","format-standard","hentry","category-servidor","tag-adpf","tag-assediante","tag-ataques","tag-declaracoes","tag-delegados","tag-desestimuladora","tag-maquina","tag-noticias","tag-odio","tag-palestra","tag-parasitas","tag-paulo-guedes","tag-policia-federal","tag-tragedia"],"_links":{"self":[{"href":"https:\/\/blogs.correiobraziliense.com.br\/servidor\/wp-json\/wp\/v2\/posts\/15287","targetHints":{"allow":["GET"]}}],"collection":[{"href":"https:\/\/blogs.correiobraziliense.com.br\/servidor\/wp-json\/wp\/v2\/posts"}],"about":[{"href":"https:\/\/blogs.correiobraziliense.com.br\/servidor\/wp-json\/wp\/v2\/types\/post"}],"author":[{"embeddable":true,"href":"https:\/\/blogs.correiobraziliense.com.br\/servidor\/wp-json\/wp\/v2\/users\/27"}],"replies":[{"embeddable":true,"href":"https:\/\/blogs.correiobraziliense.com.br\/servidor\/wp-json\/wp\/v2\/comments?post=15287"}],"version-history":[{"count":1,"href":"https:\/\/blogs.correiobraziliense.com.br\/servidor\/wp-json\/wp\/v2\/posts\/15287\/revisions"}],"predecessor-version":[{"id":15288,"href":"https:\/\/blogs.correiobraziliense.com.br\/servidor\/wp-json\/wp\/v2\/posts\/15287\/revisions\/15288"}],"wp:attachment":[{"href":"https:\/\/blogs.correiobraziliense.com.br\/servidor\/wp-json\/wp\/v2\/media?parent=15287"}],"wp:term":[{"taxonomy":"category","embeddable":true,"href":"https:\/\/blogs.correiobraziliense.com.br\/servidor\/wp-json\/wp\/v2\/categories?post=15287"},{"taxonomy":"post_tag","embeddable":true,"href":"https:\/\/blogs.correiobraziliense.com.br\/servidor\/wp-json\/wp\/v2\/tags?post=15287"}],"curies":[{"name":"wp","href":"https:\/\/api.w.org\/{rel}","templated":true}]}}