{"id":15285,"date":"2020-02-07T21:20:35","date_gmt":"2020-02-08T00:20:35","guid":{"rendered":"https:\/\/blogs.correiobraziliense.com.br\/servidor\/?p=15285"},"modified":"2020-02-07T21:20:35","modified_gmt":"2020-02-08T00:20:35","slug":"anadef-nota-publica-acerca-das-declaracoes-do-ministro-da-economia","status":"publish","type":"post","link":"https:\/\/blogs.correiobraziliense.com.br\/servidor\/anadef-nota-publica-acerca-das-declaracoes-do-ministro-da-economia\/","title":{"rendered":"Anadef &#8211; Nota P\u00fablica acerca das declara\u00e7\u00f5es do Ministro da Economia"},"content":{"rendered":"<p><em>A Associa\u00e7\u00e3o Nacional dos Defensores P\u00fablicos Federais (Anadef) deplora as declara\u00e7\u00f5es feitas pelo ministro da Economia, Paulo Guedes, comparando os servidores p\u00fablicos a parasitas do Estado brasileiro. &#8220;O recurso ao ultraje e ao estigma dos servidores p\u00fablicos apenas dificulta a constru\u00e7\u00e3o de uma rela\u00e7\u00e3o de confian\u00e7a e a colabora\u00e7\u00e3o pelos melhores interesses da sociedade brasileira&#8221;, destaca a entidade<\/em><\/p>\n<p>Veja a nota:<\/p>\n<p>&#8220;Como servidores p\u00fablicos que s\u00e3o, os defensores prestam um servi\u00e7o de qualidade a milh\u00f5es de brasileiros que necessitam de assist\u00eancia jur\u00eddica gratuita. E exercem suas fun\u00e7\u00f5es em respeito aos cidad\u00e3os, apesar das restri\u00e7\u00f5es or\u00e7ament\u00e1rias e fiscais atuais no Brasil.<\/p>\n<p>A Constitui\u00e7\u00e3o Federal prev\u00ea que, at\u00e9 2022, \u00e9 obrigat\u00f3ria a presen\u00e7a de defensores em todas as cidades em que houver Justi\u00e7a Federal. Hoje, no entanto, essa realidade s\u00f3 acontece em 30% dos munic\u00edpios. Ainda assim, os defensores t\u00eam um \u00edndice de confian\u00e7a de 59% dos brasileiros, segundo pesquisa da Funda\u00e7\u00e3o Get\u00falio Vargas divulgada em dezembro.<\/p>\n<p>A Anadef reitera a disposi\u00e7\u00e3o de manter-se aberta ao di\u00e1logo com a equipe econ\u00f4mica. Para tanto, \u00e9 fundamental preservar e promover o respeito m\u00fatuo. O recurso ao ultraje e ao estigma dos servidores p\u00fablicos apenas dificulta a constru\u00e7\u00e3o de uma rela\u00e7\u00e3o de confian\u00e7a e a colabora\u00e7\u00e3o pelos melhores interesses da sociedade brasileira.<\/p>\n<p>Em um pa\u00eds ainda t\u00e3o desigual, o fortalecimento do servi\u00e7o p\u00fablico \u00e9 essencial para que alcancemos justi\u00e7a, inclus\u00e3o e desenvolvimento para todos.<\/p>\n<p>Associa\u00e7\u00e3o Nacional dos Defensores P\u00fablicos Federais&#8221;<\/p>\n","protected":false},"excerpt":{"rendered":"<p>A Associa\u00e7\u00e3o Nacional dos Defensores P\u00fablicos Federais (Anadef) deplora as declara\u00e7\u00f5es feitas pelo ministro da Economia, Paulo Guedes, comparando os servidores p\u00fablicos a parasitas do Estado brasileiro. &#8220;O recurso ao ultraje e ao estigma dos servidores p\u00fablicos apenas dificulta a constru\u00e7\u00e3o de uma rela\u00e7\u00e3o de confian\u00e7a e a colabora\u00e7\u00e3o pelos melhores interesses da sociedade brasileira&#8221;, destaca a entidade Veja a [&hellip;]<\/p>\n","protected":false},"author":27,"featured_media":0,"comment_status":"open","ping_status":"closed","sticky":false,"template":"","format":"standard","meta":{"footnotes":""},"categories":[2719],"tags":[2743,3172,1218,2807,56,5887,15187,37,16960,14501,58,351],"class_list":["post-15285","post","type-post","status-publish","format-standard","hentry","category-servidor","tag-anadef","tag-confianca","tag-declaracoes","tag-defensores","tag-estado","tag-estigma","tag-ministro-da-economia","tag-nota","tag-parasitas","tag-paulo-guedes","tag-servidores","tag-sociedade"],"_links":{"self":[{"href":"https:\/\/blogs.correiobraziliense.com.br\/servidor\/wp-json\/wp\/v2\/posts\/15285","targetHints":{"allow":["GET"]}}],"collection":[{"href":"https:\/\/blogs.correiobraziliense.com.br\/servidor\/wp-json\/wp\/v2\/posts"}],"about":[{"href":"https:\/\/blogs.correiobraziliense.com.br\/servidor\/wp-json\/wp\/v2\/types\/post"}],"author":[{"embeddable":true,"href":"https:\/\/blogs.correiobraziliense.com.br\/servidor\/wp-json\/wp\/v2\/users\/27"}],"replies":[{"embeddable":true,"href":"https:\/\/blogs.correiobraziliense.com.br\/servidor\/wp-json\/wp\/v2\/comments?post=15285"}],"version-history":[{"count":1,"href":"https:\/\/blogs.correiobraziliense.com.br\/servidor\/wp-json\/wp\/v2\/posts\/15285\/revisions"}],"predecessor-version":[{"id":15286,"href":"https:\/\/blogs.correiobraziliense.com.br\/servidor\/wp-json\/wp\/v2\/posts\/15285\/revisions\/15286"}],"wp:attachment":[{"href":"https:\/\/blogs.correiobraziliense.com.br\/servidor\/wp-json\/wp\/v2\/media?parent=15285"}],"wp:term":[{"taxonomy":"category","embeddable":true,"href":"https:\/\/blogs.correiobraziliense.com.br\/servidor\/wp-json\/wp\/v2\/categories?post=15285"},{"taxonomy":"post_tag","embeddable":true,"href":"https:\/\/blogs.correiobraziliense.com.br\/servidor\/wp-json\/wp\/v2\/tags?post=15285"}],"curies":[{"name":"wp","href":"https:\/\/api.w.org\/{rel}","templated":true}]}}