{"id":15283,"date":"2020-02-07T21:14:37","date_gmt":"2020-02-08T00:14:37","guid":{"rendered":"https:\/\/blogs.correiobraziliense.com.br\/servidor\/?p=15283"},"modified":"2020-02-07T21:14:37","modified_gmt":"2020-02-08T00:14:37","slug":"sindifisco-a-sociedade-brasileira-nao-merece-declaracao-de-guedes","status":"publish","type":"post","link":"https:\/\/blogs.correiobraziliense.com.br\/servidor\/sindifisco-a-sociedade-brasileira-nao-merece-declaracao-de-guedes\/","title":{"rendered":"Sindifisco &#8211; A sociedade brasileira n\u00e3o merece declara\u00e7\u00e3o de Guedes"},"content":{"rendered":"<p><em>Os auditores-fiscais da Receita Federal destacam que as declara\u00e7\u00f5es do ministro da Economia merecem &#8220;repulsa n\u00e3o apenas daqueles que integram o funcionalismo, mas de toda a sociedade&#8221;. &#8220;Por que o ministro n\u00e3o fala acerca dos verdadeiros &#8220;parasitas&#8221; que consomem as riquezas do pa\u00eds, alguns com benesses tribut\u00e1rias bilion\u00e1rias, outros pulando de Refis em Refis, ou recebendo \u201cjetons\u201d em conselhos de estatais?&#8221;, questiona o Sindifisco<\/em><\/p>\n<p>Veja a nota:<\/p>\n<p>&#8220;Os auditores-fiscais da Receita Federal repudiam veementemente o ataque desferido pelo ministro Paulo Guedes, classificando de \u201cparasitas\u201d aqueles que dedicam sua vida ao servi\u00e7o p\u00fablico. A inconsequente analogia feita hoje pelo ministro Paulo Guedes merece a repulsa n\u00e3o apenas daqueles que integram o funcionalismo, mas de toda a sociedade.<\/p>\n<p>A avalia\u00e7\u00e3o negativa do servi\u00e7o p\u00fablico em \u00e1reas que atingem diretamente a popula\u00e7\u00e3o, como educa\u00e7\u00e3o, sa\u00fade e seguran\u00e7a, n\u00e3o ir\u00e1 melhorar em nada com os cortes de jornada e sal\u00e1rio previstos no Plano Mais Brasil apresentado pelo ministro Guedes. \u00d3bvio que n\u00e3o! \u00c9 um engodo evidente a tentativa de convencer a popula\u00e7\u00e3o de que o objetivo dessa conten\u00e7\u00e3o de despesas \u00e9 melhorar a qualidade do servi\u00e7o p\u00fablico.<\/p>\n<p>O desequil\u00edbrio das contas p\u00fablicas tem por origem excessivos subs\u00eddios fiscais praticados por anos, em favorecimento de setores econ\u00f4micos com privilegiada rela\u00e7\u00e3o com o Governo e com o Congresso. O maior deles, a desonera\u00e7\u00e3o da folha, foi respons\u00e1vel por mais de 600 bilh\u00f5es de reais de subs\u00eddios nos \u00faltimos 10 anos.<\/p>\n<p>Aqueles setores empresariais que se beneficiaram durante esse longo per\u00edodo, inflando seus lucros, n\u00e3o est\u00e3o sendo chamados agora para colaborar com o ajuste fiscal. N\u00e3o, \u00e9 muito mais f\u00e1cil culpar os servidores p\u00fablicos.<\/p>\n<p>Por que o ministro n\u00e3o fala acerca dos verdadeiros &#8220;parasitas&#8221; que consomem as riquezas do pa\u00eds, alguns com benesses tribut\u00e1rias bilion\u00e1rias, outros pulando de Refis em Refis, ou recebendo \u201cjetons\u201d em conselhos de estatais?<\/p>\n<p>A sociedade brasileira merece mais respeito. Os servidores p\u00fablicos dignos e s\u00e9rios &#8211; que s\u00e3o a esmagadora maioria do funcionalismo &#8211; merecem ser tratados com dignidade. Sem esse pressuposto b\u00e1sico, n\u00e3o h\u00e1 como avan\u00e7ar um mil\u00edmetro na constru\u00e7\u00e3o de uma democracia forte, pr\u00f3spera e est\u00e1vel.&#8221;<\/p>\n","protected":false},"excerpt":{"rendered":"<p>Os auditores-fiscais da Receita Federal destacam que as declara\u00e7\u00f5es do ministro da Economia merecem &#8220;repulsa n\u00e3o apenas daqueles que integram o funcionalismo, mas de toda a sociedade&#8221;. &#8220;Por que o ministro n\u00e3o fala acerca dos verdadeiros &#8220;parasitas&#8221; que consomem as riquezas do pa\u00eds, alguns com benesses tribut\u00e1rias bilion\u00e1rias, outros pulando de Refis em Refis, ou recebendo \u201cjetons\u201d em conselhos de [&hellip;]<\/p>\n","protected":false},"author":27,"featured_media":0,"comment_status":"open","ping_status":"closed","sticky":false,"template":"","format":"standard","meta":{"footnotes":""},"categories":[2719],"tags":[16975,10744,726,3253,1274,3845,1727,16974,8448,15187,16960,14501,6755,13163,10360,597,351,3434],"class_list":["post-15283","post","type-post","status-publish","format-standard","hentry","category-servidor","tag-analogia","tag-benesse","tag-brasileiro","tag-conselhos","tag-declaracao","tag-desequilibrio","tag-estatais","tag-inconsequente","tag-jetons","tag-ministro-da-economia","tag-parasitas","tag-paulo-guedes","tag-refis","tag-repulsa","tag-riquezas","tag-sindifisco","tag-sociedade","tag-tributarias"],"_links":{"self":[{"href":"https:\/\/blogs.correiobraziliense.com.br\/servidor\/wp-json\/wp\/v2\/posts\/15283","targetHints":{"allow":["GET"]}}],"collection":[{"href":"https:\/\/blogs.correiobraziliense.com.br\/servidor\/wp-json\/wp\/v2\/posts"}],"about":[{"href":"https:\/\/blogs.correiobraziliense.com.br\/servidor\/wp-json\/wp\/v2\/types\/post"}],"author":[{"embeddable":true,"href":"https:\/\/blogs.correiobraziliense.com.br\/servidor\/wp-json\/wp\/v2\/users\/27"}],"replies":[{"embeddable":true,"href":"https:\/\/blogs.correiobraziliense.com.br\/servidor\/wp-json\/wp\/v2\/comments?post=15283"}],"version-history":[{"count":1,"href":"https:\/\/blogs.correiobraziliense.com.br\/servidor\/wp-json\/wp\/v2\/posts\/15283\/revisions"}],"predecessor-version":[{"id":15284,"href":"https:\/\/blogs.correiobraziliense.com.br\/servidor\/wp-json\/wp\/v2\/posts\/15283\/revisions\/15284"}],"wp:attachment":[{"href":"https:\/\/blogs.correiobraziliense.com.br\/servidor\/wp-json\/wp\/v2\/media?parent=15283"}],"wp:term":[{"taxonomy":"category","embeddable":true,"href":"https:\/\/blogs.correiobraziliense.com.br\/servidor\/wp-json\/wp\/v2\/categories?post=15283"},{"taxonomy":"post_tag","embeddable":true,"href":"https:\/\/blogs.correiobraziliense.com.br\/servidor\/wp-json\/wp\/v2\/tags?post=15283"}],"curies":[{"name":"wp","href":"https:\/\/api.w.org\/{rel}","templated":true}]}}