{"id":15281,"date":"2020-02-07T21:07:04","date_gmt":"2020-02-08T00:07:04","guid":{"rendered":"https:\/\/blogs.correiobraziliense.com.br\/servidor\/?p=15281"},"modified":"2020-02-07T21:07:04","modified_gmt":"2020-02-08T00:07:04","slug":"sinal-nota-de-repudio-as-declaracoes-do-ministro-paulo-guedes","status":"publish","type":"post","link":"https:\/\/blogs.correiobraziliense.com.br\/servidor\/sinal-nota-de-repudio-as-declaracoes-do-ministro-paulo-guedes\/","title":{"rendered":"Sinal &#8211; Nota de rep\u00fadio \u00e0s declara\u00e7\u00f5es do ministro Paulo Guedes"},"content":{"rendered":"<p><em>&#8220;Deploramos a falta de compostura do ministro, que deveria ter mais respeito pelo cargo que ocupa. N\u00e3o ser\u00e1 com ofensas e cal\u00fanias de um representante tempor\u00e1rio de governo, que procura insistentemente desqualificar os servidores diante da opini\u00e3o p\u00fablica, que nos sentiremos intimidados ou que negligenciaremos nossas fun\u00e7\u00f5es&#8221;, destaca o Sinal<\/em><\/p>\n<p>Veja a nota:<\/p>\n<p>&#8220;O Sindicato Nacional dos Funcion\u00e1rios do Banco Central (Sinal) vem a p\u00fablico repudiar as declara\u00e7\u00f5es do ministro da Economia, Paulo Guedes, que comparou os servidores p\u00fablicos a \u201cparasitas\u201d, em evento, nesta data, na Funda\u00e7\u00e3o Get\u00falio Vargas.<\/p>\n<p>Com um discurso tendencioso, recheado de inverdades e vazio de fundamentos t\u00e9cnicos, demonstrando o seu lament\u00e1vel desconhecimento sobre o servi\u00e7o p\u00fablico, quer induzir a sociedade a acreditar, entre outras barbaridades, que o servidor recebe reajuste salarial autom\u00e1tico, quando \u00e9 de pleno conhecimento que o \u00faltimo acordo negociado com o governo data de 2015.<\/p>\n<p>Deploramos a falta de compostura do ministro, que deveria ter mais respeito pelo cargo que ocupa. N\u00e3o ser\u00e1 com ofensas e cal\u00fanias de um representante tempor\u00e1rio de governo, que procura insistentemente desqualificar os servidores diante da opini\u00e3o p\u00fablica, que nos sentiremos intimidados ou que negligenciaremos nossas fun\u00e7\u00f5es, pois somos agentes do Estado brasileiro e ser\u00e1 nessa condi\u00e7\u00e3o que continuaremos trabalhando para melhor servir aos concidad\u00e3os, procurando atender a todos, em tudo o que a Constitui\u00e7\u00e3o Federal lhes garante.<\/p>\n<p>N\u00e3o aceitamos o sucateamento dos \u00f3rg\u00e3os p\u00fablicos e a precariza\u00e7\u00e3o dos nossos servi\u00e7os!&#8221;<\/p>\n","protected":false},"excerpt":{"rendered":"<p>&#8220;Deploramos a falta de compostura do ministro, que deveria ter mais respeito pelo cargo que ocupa. N\u00e3o ser\u00e1 com ofensas e cal\u00fanias de um representante tempor\u00e1rio de governo, que procura insistentemente desqualificar os servidores diante da opini\u00e3o p\u00fablica, que nos sentiremos intimidados ou que negligenciaremos nossas fun\u00e7\u00f5es&#8221;, destaca o Sinal Veja a nota: &#8220;O Sindicato Nacional dos Funcion\u00e1rios do Banco [&hellip;]<\/p>\n","protected":false},"author":27,"featured_media":0,"comment_status":"open","ping_status":"closed","sticky":false,"template":"","format":"standard","meta":{"footnotes":""},"categories":[2719],"tags":[1236,1818,16973,300,1218,35,10323,14501,1217,1337,1760],"class_list":["post-15281","post","type-post","status-publish","format-standard","hentry","category-servidor","tag-banco-central","tag-bc","tag-calunias","tag-cargo","tag-declaracoes","tag-ministro","tag-ofensas","tag-paulo-guedes","tag-repudio","tag-respeito","tag-sinal"],"_links":{"self":[{"href":"https:\/\/blogs.correiobraziliense.com.br\/servidor\/wp-json\/wp\/v2\/posts\/15281","targetHints":{"allow":["GET"]}}],"collection":[{"href":"https:\/\/blogs.correiobraziliense.com.br\/servidor\/wp-json\/wp\/v2\/posts"}],"about":[{"href":"https:\/\/blogs.correiobraziliense.com.br\/servidor\/wp-json\/wp\/v2\/types\/post"}],"author":[{"embeddable":true,"href":"https:\/\/blogs.correiobraziliense.com.br\/servidor\/wp-json\/wp\/v2\/users\/27"}],"replies":[{"embeddable":true,"href":"https:\/\/blogs.correiobraziliense.com.br\/servidor\/wp-json\/wp\/v2\/comments?post=15281"}],"version-history":[{"count":1,"href":"https:\/\/blogs.correiobraziliense.com.br\/servidor\/wp-json\/wp\/v2\/posts\/15281\/revisions"}],"predecessor-version":[{"id":15282,"href":"https:\/\/blogs.correiobraziliense.com.br\/servidor\/wp-json\/wp\/v2\/posts\/15281\/revisions\/15282"}],"wp:attachment":[{"href":"https:\/\/blogs.correiobraziliense.com.br\/servidor\/wp-json\/wp\/v2\/media?parent=15281"}],"wp:term":[{"taxonomy":"category","embeddable":true,"href":"https:\/\/blogs.correiobraziliense.com.br\/servidor\/wp-json\/wp\/v2\/categories?post=15281"},{"taxonomy":"post_tag","embeddable":true,"href":"https:\/\/blogs.correiobraziliense.com.br\/servidor\/wp-json\/wp\/v2\/tags?post=15281"}],"curies":[{"name":"wp","href":"https:\/\/api.w.org\/{rel}","templated":true}]}}