{"id":15279,"date":"2020-02-07T19:32:41","date_gmt":"2020-02-07T22:32:41","guid":{"rendered":"https:\/\/blogs.correiobraziliense.com.br\/servidor\/?p=15279"},"modified":"2020-02-07T19:32:41","modified_gmt":"2020-02-07T22:32:41","slug":"fonacate-nota-de-repudio-as-declaracoes-de-paulo-guedes","status":"publish","type":"post","link":"https:\/\/blogs.correiobraziliense.com.br\/servidor\/fonacate-nota-de-repudio-as-declaracoes-de-paulo-guedes\/","title":{"rendered":"Fonacate &#8211; Nota de rep\u00fadio as declara\u00e7\u00f5es de Paulo Guedes"},"content":{"rendered":"<p><em>O F\u00f3rum Nacional Permanente de Carreiras T\u00edpicas de Estado (Fonacate) destaca que Paulo Guedes, ao chamar os funcion\u00e1rios de parasitas, &#8220;desrespeita de forma gratuita e desmedida os\u00a012 milh\u00f5es de servidores p\u00fablicos brasileiros, que buscam dia ap\u00f3s dia prestar servi\u00e7os de\u00a0 qualidade \u00e0 popula\u00e7\u00e3o&#8221;. Tamb\u00e9m demonstra preconceito e desprezo ao funcionalismo, em\u00a0todos os n\u00edveis da federa\u00e7\u00e3o, e total desconhecimento da m\u00e1quina p\u00fablica,&#8221; pois a afirma\u00e7\u00e3o\u00a0de que os servidores recebem reajustes anuais autom\u00e1ticos n\u00e3o condiz com a realidade&#8221;<\/em><\/p>\n<p>Veja a nota:<\/p>\n<p>&#8220;O F\u00f3rum Nacional Permanente de Carreiras T\u00edpicas de Estado (Fonacate), que representa\u00a0mais de 200 mil servidores p\u00fablicos que desempenham atribui\u00e7\u00f5es imprescind\u00edveis ao Estado\u00a0 brasileiro, ligadas \u00e0s \u00e1reas de seguran\u00e7a p\u00fablica, fiscaliza\u00e7\u00e3o e regula\u00e7\u00e3o do mercado,\u00a0advocacia p\u00fablica, fiscaliza\u00e7\u00e3o agr\u00e1ria, minist\u00e9rio p\u00fablico, diplomacia, legislativo, arrecada\u00e7\u00e3o\u00a0e tributa\u00e7\u00e3o, prote\u00e7\u00e3o ao trabalhador e \u00e0 sa\u00fade p\u00fablica, intelig\u00eancia de Estado, formula\u00e7\u00e3o\u00a0e implementa\u00e7\u00e3o de pol\u00edticas p\u00fablicas, com\u00e9rcio exterior, preven\u00e7\u00e3o e combate \u00e0 corrup\u00e7\u00e3o,<br \/>\nfiscaliza\u00e7\u00e3o agropecu\u00e1ria, seguran\u00e7a jur\u00eddica, assist\u00eancia jur\u00eddica aos necessitados e\u00a0desenvolvimento econ\u00f4mico-social vem a p\u00fablico repudiar veementemente as declara\u00e7\u00f5es<br \/>\ndo ministro da Economia que comparou servidores p\u00fablicos a \u201cparasitas\u201d, ao defender a\u00a0proposta de reforma administrativa do governo federal.<\/p>\n<p>Em sua declara\u00e7\u00e3o, o ministro da Economia desrespeita de forma gratuita e desmedida os\u00a012 milh\u00f5es de servidores p\u00fablicos brasileiros, que buscam dia ap\u00f3s dia prestar servi\u00e7os de\u00a0 qualidade \u00e0 popula\u00e7\u00e3o. Demonstra, ademais, preconceito e desprezo ao funcionalismo, em\u00a0todos os n\u00edveis da federa\u00e7\u00e3o, deixando claro que seu intento \u00e9 a destrui\u00e7\u00e3o do Estado Social.\u00a0Al\u00e9m disso, o ministro demonstra total desconhecimento da m\u00e1quina p\u00fablica, pois a afirma\u00e7\u00e3o\u00a0de que os servidores recebem reajustes anuais autom\u00e1ticos n\u00e3o condiz com a realidade.<\/p>\n<p>No servi\u00e7o p\u00fablico, diferentemente da iniciativa privada, n\u00e3o h\u00e1 data-base, tendo o pr\u00f3prio\u00a0STF encerrado a quest\u00e3o em setembro \u00faltimo. Em \u00e2mbito federal, a maior parte dos servidores<br \/>\nest\u00e1 com sal\u00e1rios congelados desde 2017 e, assim como a popula\u00e7\u00e3o em geral, sofre com\u00a0os efeitos da atual crise, que \u00e9 prolongada com ado\u00e7\u00e3o de medidas fiscais equivocadas, pois<br \/>\nas pol\u00edticas de austeridade abra\u00e7adas pela equipe econ\u00f4mica v\u00eam retardando a retomada\u00a0do desenvolvimento.<\/p>\n<p>O desconhecimento do ministro &#8211; incompat\u00edvel com o cargo que exerce, se evidencia quando\u00a0ele defende a cria\u00e7\u00e3o de mecanismos para a \u201cdemiss\u00e3o\u201d de servidores. Ora, j\u00e1 h\u00e1 meios\u00a0de desligar servidores est\u00e1veis, inclusive por inassiduidade e des\u00eddia, como demonstram os\u00a0n\u00fameros da Controladoria-Geral da Uni\u00e3o. Vale dizer, nesse sentido, que a estabilidade \u00e9,\u00a0na verdade, uma garantia para a sociedade, seja para dar continuidade \u00e0s pol\u00edticas p\u00fablicas,\u00a0seja para evitar que um novo governo traga seus apaniguados para a Administra\u00e7\u00e3o P\u00fablica,\u00a0como ocorria no conhecido instituto da \u201cderrubada\u201d.<\/p>\n<p>Enquanto o ministro defende a redu\u00e7\u00e3o do Estado, que ter\u00e1 impacto negativo principalmente\u00a0para a popula\u00e7\u00e3o mais pobre, se esquiva de temas urgentes ao pa\u00eds, como a reforma\u00a0tribut\u00e1ria, que poderia ser empregada como um mecanismo de promo\u00e7\u00e3o de justi\u00e7a social.\u00a0Uma vez mais, a estrat\u00e9gia se repete e o governo, com a inten\u00e7\u00e3o de retirar direitos trabalhistas\u00a0e sociais, que nesse caso inclui o acesso \u00e0 sa\u00fade e \u00e0 educa\u00e7\u00e3o gratuita, demoniza o servidor\u00a0numa clara tentativa de angariar apoio para a proposta de reforma administrativa.<\/p>\n<p>Ante o exposto, exigimos imediata retrata\u00e7\u00e3o p\u00fablica do ministro Paulo Guedes, n\u00e3o obstante\u00a0as medidas administrativas e judiciais a serem tomadas por este F\u00f3rum.<\/p>\n<p>Bras\u00edlia, 07 de fevereiro de 2020<br \/>\nRudinei Marques<br \/>\nPresidente do F\u00f3rum Nacional Permanente de\u00a0Carreiras T\u00edpicas de Estado<br \/>\nPresidente do UNACON SINDICAL \u2013 Sindicato\u00a0Nacional dos Auditores e T\u00e9cnicos Federais de\u00a0Finan\u00e7as e Controle<\/p>\n<p>Marcelino Rodrigues<br \/>\nSecret\u00e1rio-Geral do F\u00f3rum Nacional Permanente de\u00a0Carreiras T\u00edpicas de Estado<br \/>\nPresidente da ANAFE \u2013 Associa\u00e7\u00e3o Nacional dos\u00a0Advogados P\u00fablicos Federais&#8221;<\/p>\n","protected":false},"excerpt":{"rendered":"<p>O F\u00f3rum Nacional Permanente de Carreiras T\u00edpicas de Estado (Fonacate) destaca que Paulo Guedes, ao chamar os funcion\u00e1rios de parasitas, &#8220;desrespeita de forma gratuita e desmedida os\u00a012 milh\u00f5es de servidores p\u00fablicos brasileiros, que buscam dia ap\u00f3s dia prestar servi\u00e7os de\u00a0 qualidade \u00e0 popula\u00e7\u00e3o&#8221;. Tamb\u00e9m demonstra preconceito e desprezo ao funcionalismo, em\u00a0todos os n\u00edveis da federa\u00e7\u00e3o, e total desconhecimento da m\u00e1quina [&hellip;]<\/p>\n","protected":false},"author":27,"featured_media":0,"comment_status":"open","ping_status":"closed","sticky":false,"template":"","format":"standard","meta":{"footnotes":""},"categories":[2719],"tags":[618,1218,2659,5279,16972,1164,16960,14501,545,15938,58],"class_list":["post-15279","post","type-post","status-publish","format-standard","hentry","category-servidor","tag-carreiras-de-estado","tag-declaracoes","tag-desconhecimento","tag-desrespeito","tag-fonacte","tag-funcionalismo","tag-parasitas","tag-paulo-guedes","tag-populacao","tag-reforma-administrativa","tag-servidores"],"_links":{"self":[{"href":"https:\/\/blogs.correiobraziliense.com.br\/servidor\/wp-json\/wp\/v2\/posts\/15279","targetHints":{"allow":["GET"]}}],"collection":[{"href":"https:\/\/blogs.correiobraziliense.com.br\/servidor\/wp-json\/wp\/v2\/posts"}],"about":[{"href":"https:\/\/blogs.correiobraziliense.com.br\/servidor\/wp-json\/wp\/v2\/types\/post"}],"author":[{"embeddable":true,"href":"https:\/\/blogs.correiobraziliense.com.br\/servidor\/wp-json\/wp\/v2\/users\/27"}],"replies":[{"embeddable":true,"href":"https:\/\/blogs.correiobraziliense.com.br\/servidor\/wp-json\/wp\/v2\/comments?post=15279"}],"version-history":[{"count":1,"href":"https:\/\/blogs.correiobraziliense.com.br\/servidor\/wp-json\/wp\/v2\/posts\/15279\/revisions"}],"predecessor-version":[{"id":15280,"href":"https:\/\/blogs.correiobraziliense.com.br\/servidor\/wp-json\/wp\/v2\/posts\/15279\/revisions\/15280"}],"wp:attachment":[{"href":"https:\/\/blogs.correiobraziliense.com.br\/servidor\/wp-json\/wp\/v2\/media?parent=15279"}],"wp:term":[{"taxonomy":"category","embeddable":true,"href":"https:\/\/blogs.correiobraziliense.com.br\/servidor\/wp-json\/wp\/v2\/categories?post=15279"},{"taxonomy":"post_tag","embeddable":true,"href":"https:\/\/blogs.correiobraziliense.com.br\/servidor\/wp-json\/wp\/v2\/tags?post=15279"}],"curies":[{"name":"wp","href":"https:\/\/api.w.org\/{rel}","templated":true}]}}