{"id":15265,"date":"2020-02-07T17:43:30","date_gmt":"2020-02-07T20:43:30","guid":{"rendered":"https:\/\/blogs.correiobraziliense.com.br\/servidor\/?p=15265"},"modified":"2020-02-07T17:43:30","modified_gmt":"2020-02-07T20:43:30","slug":"nota-de-repudio-da-unafisco-nacional-as-declaracoes-do-ministro-paulo-guedes-sobre-os-servidores-publicos","status":"publish","type":"post","link":"https:\/\/blogs.correiobraziliense.com.br\/servidor\/nota-de-repudio-da-unafisco-nacional-as-declaracoes-do-ministro-paulo-guedes-sobre-os-servidores-publicos\/","title":{"rendered":"Nota de rep\u00fadio da Unafisco Nacional \u00e0s declara\u00e7\u00f5es do ministro Paulo Guedes sobre os servidores p\u00fablicos"},"content":{"rendered":"<p><em>As declara\u00e7\u00f5es do ministro da Economia, Paulo Guedes, tiveram rea\u00e7\u00e3o imediata dos servidores p\u00fablicos federais. Associa\u00e7\u00e3o Nacional dos Auditores Fiscais da Receita Federal( Unafisco Nacional) repudia a compara\u00e7\u00e3o dos funcion\u00e1rios a &#8220;parasitas&#8221; e declara que &#8220;falta n\u00e3o s\u00f3 eleg\u00e2ncia ao ministro Guedes, como patriotismo&#8221;<\/em><\/p>\n<p>Veja a nota:<\/p>\n<p>&#8220;A Unafisco Nacional &#8211; Associa\u00e7\u00e3o Nacional dos Auditores Fiscais da Receita Federal repudia veementemente as declara\u00e7\u00f5es do Sr. Paulo Guedes, Ministro da Economia, que comparou os servidores p\u00fablicos a parasitas. Se partilh\u00e1ssemos da descompostura do Ministro, poder\u00edamos compar\u00e1-lo a um servi\u00e7al do mercado, que promove a fal\u00eancia do Estado em detrimento do povo brasileiro. Falta n\u00e3o s\u00f3 eleg\u00e2ncia ao ministro Guedes, como patriotismo.<\/p>\n<p>A Unafisco recha\u00e7a com toda veem\u00eancia e indigna\u00e7\u00e3o tal classifica\u00e7\u00e3o rasa e generalizada, porque os auditores fiscais da Receita Federal exercem com orgulho e lisura suas atribui\u00e7\u00f5es sempre buscando a justi\u00e7a fiscal e a prote\u00e7\u00e3o da economia nacional , seja na fiscaliza\u00e7\u00e3o e arrecada\u00e7\u00e3o dos tributos internos, seja na fiscaliza\u00e7\u00e3o do fluxo de nosso com\u00e9rcio internacional e de nossas fronteiras. O ass\u00e9dio institucional que vem sendo praticado pelo Sr. Paulo Guedes em rela\u00e7\u00e3o aos servidores p\u00fablicos j\u00e1 ultrapassa os limites legais e merece rea\u00e7\u00e3o \u00e0 altura.&#8221;<\/p>\n","protected":false},"excerpt":{"rendered":"<p>As declara\u00e7\u00f5es do ministro da Economia, Paulo Guedes, tiveram rea\u00e7\u00e3o imediata dos servidores p\u00fablicos federais. Associa\u00e7\u00e3o Nacional dos Auditores Fiscais da Receita Federal( Unafisco Nacional) repudia a compara\u00e7\u00e3o dos funcion\u00e1rios a &#8220;parasitas&#8221; e declara que &#8220;falta n\u00e3o s\u00f3 eleg\u00e2ncia ao ministro Guedes, como patriotismo&#8221; Veja a nota: &#8220;A Unafisco Nacional &#8211; Associa\u00e7\u00e3o Nacional dos Auditores Fiscais da Receita Federal repudia [&hellip;]<\/p>\n","protected":false},"author":27,"featured_media":0,"comment_status":"open","ping_status":"closed","sticky":false,"template":"","format":"standard","meta":{"footnotes":""},"categories":[2719],"tags":[946,1218,16961,1736,940,1164,489,15187,16960,16962,14501,58,13004],"class_list":["post-15265","post","type-post","status-publish","format-standard","hentry","category-servidor","tag-arrecadacao","tag-declaracoes","tag-elegancia","tag-falencia","tag-fiscalizacao","tag-funcionalismo","tag-mercado","tag-ministro-da-economia","tag-parasitas","tag-patriotismo","tag-paulo-guedes","tag-servidores","tag-unafisco-nacional"],"_links":{"self":[{"href":"https:\/\/blogs.correiobraziliense.com.br\/servidor\/wp-json\/wp\/v2\/posts\/15265","targetHints":{"allow":["GET"]}}],"collection":[{"href":"https:\/\/blogs.correiobraziliense.com.br\/servidor\/wp-json\/wp\/v2\/posts"}],"about":[{"href":"https:\/\/blogs.correiobraziliense.com.br\/servidor\/wp-json\/wp\/v2\/types\/post"}],"author":[{"embeddable":true,"href":"https:\/\/blogs.correiobraziliense.com.br\/servidor\/wp-json\/wp\/v2\/users\/27"}],"replies":[{"embeddable":true,"href":"https:\/\/blogs.correiobraziliense.com.br\/servidor\/wp-json\/wp\/v2\/comments?post=15265"}],"version-history":[{"count":1,"href":"https:\/\/blogs.correiobraziliense.com.br\/servidor\/wp-json\/wp\/v2\/posts\/15265\/revisions"}],"predecessor-version":[{"id":15266,"href":"https:\/\/blogs.correiobraziliense.com.br\/servidor\/wp-json\/wp\/v2\/posts\/15265\/revisions\/15266"}],"wp:attachment":[{"href":"https:\/\/blogs.correiobraziliense.com.br\/servidor\/wp-json\/wp\/v2\/media?parent=15265"}],"wp:term":[{"taxonomy":"category","embeddable":true,"href":"https:\/\/blogs.correiobraziliense.com.br\/servidor\/wp-json\/wp\/v2\/categories?post=15265"},{"taxonomy":"post_tag","embeddable":true,"href":"https:\/\/blogs.correiobraziliense.com.br\/servidor\/wp-json\/wp\/v2\/tags?post=15265"}],"curies":[{"name":"wp","href":"https:\/\/api.w.org\/{rel}","templated":true}]}}