{"id":15256,"date":"2020-02-07T14:37:01","date_gmt":"2020-02-07T17:37:01","guid":{"rendered":"https:\/\/blogs.correiobraziliense.com.br\/servidor\/?p=15256"},"modified":"2020-02-07T14:37:01","modified_gmt":"2020-02-07T17:37:01","slug":"candidato-que-responde-a-processo-criminal-pode-participar-de-concurso-publico","status":"publish","type":"post","link":"https:\/\/blogs.correiobraziliense.com.br\/servidor\/candidato-que-responde-a-processo-criminal-pode-participar-de-concurso-publico\/","title":{"rendered":"Candidato que responde a processo criminal pode participar de concurso p\u00fablico"},"content":{"rendered":"<p><em>Decis\u00e3o do Supremo Tribunal Federal (STF), por oito votos a um, considera a presun\u00e7\u00e3o de inoc\u00eancia, que n\u00e3o permite a com a execu\u00e7\u00e3o da pena antes do tr\u00e2nsito em julgado. O entendimento dos ministros valer\u00e1 para todos os casos semelhantes na justi\u00e7a do pa\u00eds<\/em><\/p>\n<p>N\u00e3o \u00e9 leg\u00edtima a cl\u00e1usula de edital em concurso p\u00fablico que restrinja a participa\u00e7\u00e3o de candidato pelo simples fato de responder a inqu\u00e9rito ou \u00e0 a\u00e7\u00e3o penal, porque a medida n\u00e3o tem previs\u00e3o constitucional. A tese de repercuss\u00e3o geral \u00e9 do plen\u00e1rio do Supremo Tribunal Federal (STF), ao declarar ser inconstitucional a exclus\u00e3o de candidato de concurso p\u00fablico que esteja respondendo a processo criminal. O entendimento dos ministros valer\u00e1 para todos os casos semelhantes na justi\u00e7a do pa\u00eds.<\/p>\n<p>A decis\u00e3o foi tomada no julgamento do Recurso Extraordin\u00e1rio (RE) 560900. Prevaleceu o voto do relator, ministro Roberto Barroso. Para ele, a exclus\u00e3o do candidato apenas em raz\u00e3o da tramita\u00e7\u00e3o de processo penal contraria o entendimento do pr\u00f3prio STF sobre a presun\u00e7\u00e3o de inoc\u00eancia.<\/p>\n<p>Ao avaliar o caso com seguindo o crit\u00e9rio do relator, o advogado Willer Tomaz, s\u00f3cio do Willer Tomaz Advogados Associados, explica que a Constitui\u00e7\u00e3o Federal assegura a todo e qualquer cidad\u00e3o, seja em processo penal ou administrativo, a presun\u00e7\u00e3o de inoc\u00eancia. \u201cAssim, a elimina\u00e7\u00e3o do candidato em concurso p\u00fablico somente em raz\u00e3o de haver contra ele processo penal em curso, sem senten\u00e7a penal condenat\u00f3ria transitada em julgado, viola essa garantia constitucional, sendo nulo o ato administrativo de exclus\u00e3o\u201d, afirma.<\/p>\n<p>O advogado criminalista David Metzker, s\u00f3cio da Metzker Advocacia, tamb\u00e9m considera acertada a decis\u00e3o, ressaltando a presun\u00e7\u00e3o de inoc\u00eancia prevista na Constitui\u00e7\u00e3o. \u201cAt\u00e9 a decis\u00e3o definitiva, impera a presun\u00e7\u00e3o de inoc\u00eancia, n\u00e3o podendo surtir efeitos condenat\u00f3rios antes do tr\u00e2nsito em julgado. Portanto, \u00e9 direito constitucional que o r\u00e9u possa realizar concurso. Decis\u00e3o em conson\u00e2ncia com a impossibilidade de executar a pena antes do tr\u00e2nsito em julgado\u201d, ressalta.<\/p>\n<p>No caso em quest\u00e3o, um policial militar do Distrito Federal, que pretendia ingressar no curso de forma\u00e7\u00e3o, de cabos teve a inscri\u00e7\u00e3o recusada porque respondia a processo criminal pelo delito de falso testemunho. O Tribunal de Justi\u00e7a do Distrito Federal e dos Territ\u00f3rios (TJDFT) considerou ilegal a exig\u00eancia que constava do edital, e invalidou a decis\u00e3o administrativa que havia exclu\u00eddo o candidato. O processo chegou ao Supremo por recurso do governo do Distrito Federal, argumentando que a promo\u00e7\u00e3o de policiais investigados criminalmente afeta o senso de disciplina e hierarquia inerentes \u00e0 fun\u00e7\u00e3o.<\/p>\n<p>De acordo com informa\u00e7\u00f5es da assessoria do tribunal, a decis\u00e3o do STF poder\u00e1 ter impacto em pelo menos 573 casos que est\u00e3o em outras inst\u00e2ncias.<\/p>\n","protected":false},"excerpt":{"rendered":"<p>Decis\u00e3o do Supremo Tribunal Federal (STF), por oito votos a um, considera a presun\u00e7\u00e3o de inoc\u00eancia, que n\u00e3o permite a com a execu\u00e7\u00e3o da pena antes do tr\u00e2nsito em julgado. O entendimento dos ministros valer\u00e1 para todos os casos semelhantes na justi\u00e7a do pa\u00eds N\u00e3o \u00e9 leg\u00edtima a cl\u00e1usula de edital em concurso p\u00fablico que restrinja a participa\u00e7\u00e3o de candidato [&hellip;]<\/p>\n","protected":false},"author":27,"featured_media":0,"comment_status":"open","ping_status":"closed","sticky":false,"template":"","format":"standard","meta":{"footnotes":""},"categories":[2719],"tags":[2695,1851,2584,2737,13016,16958,260,3695,16957,1157,1970,34,11959,5829],"class_list":["post-15256","post","type-post","status-publish","format-standard","hentry","category-servidor","tag-candidato","tag-concurso-publico","tag-constituicao","tag-criminal","tag-inocencia","tag-inqueridto","tag-justica","tag-pena","tag-presuncao","tag-processo","tag-repercussao","tag-stf","tag-transito-em-julgado","tag-votos"],"_links":{"self":[{"href":"https:\/\/blogs.correiobraziliense.com.br\/servidor\/wp-json\/wp\/v2\/posts\/15256","targetHints":{"allow":["GET"]}}],"collection":[{"href":"https:\/\/blogs.correiobraziliense.com.br\/servidor\/wp-json\/wp\/v2\/posts"}],"about":[{"href":"https:\/\/blogs.correiobraziliense.com.br\/servidor\/wp-json\/wp\/v2\/types\/post"}],"author":[{"embeddable":true,"href":"https:\/\/blogs.correiobraziliense.com.br\/servidor\/wp-json\/wp\/v2\/users\/27"}],"replies":[{"embeddable":true,"href":"https:\/\/blogs.correiobraziliense.com.br\/servidor\/wp-json\/wp\/v2\/comments?post=15256"}],"version-history":[{"count":1,"href":"https:\/\/blogs.correiobraziliense.com.br\/servidor\/wp-json\/wp\/v2\/posts\/15256\/revisions"}],"predecessor-version":[{"id":15257,"href":"https:\/\/blogs.correiobraziliense.com.br\/servidor\/wp-json\/wp\/v2\/posts\/15256\/revisions\/15257"}],"wp:attachment":[{"href":"https:\/\/blogs.correiobraziliense.com.br\/servidor\/wp-json\/wp\/v2\/media?parent=15256"}],"wp:term":[{"taxonomy":"category","embeddable":true,"href":"https:\/\/blogs.correiobraziliense.com.br\/servidor\/wp-json\/wp\/v2\/categories?post=15256"},{"taxonomy":"post_tag","embeddable":true,"href":"https:\/\/blogs.correiobraziliense.com.br\/servidor\/wp-json\/wp\/v2\/tags?post=15256"}],"curies":[{"name":"wp","href":"https:\/\/api.w.org\/{rel}","templated":true}]}}