{"id":15247,"date":"2020-02-06T20:04:02","date_gmt":"2020-02-06T23:04:02","guid":{"rendered":"https:\/\/blogs.correiobraziliense.com.br\/servidor\/?p=15247"},"modified":"2020-02-06T20:04:02","modified_gmt":"2020-02-06T23:04:02","slug":"petrobras-x-petroleiros-guerra-de-liminares","status":"publish","type":"post","link":"https:\/\/blogs.correiobraziliense.com.br\/servidor\/petrobras-x-petroleiros-guerra-de-liminares\/","title":{"rendered":"Petrobras x petroleiros &#8211; guerra de liminares"},"content":{"rendered":"<p><em>Em nova decis\u00e3o, o Tribunal Superior do Trabalho (TAS) reafirmou que a greve dos petroleiros tem car\u00e1ter abusivo, determinou bloqueio de contas e suspens\u00e3o do repasse mensal \u00e0s entidades sindicais por descumprimento da decis\u00e3o judicial e autorizou a Petrobras a contratar emergencialmente pessoas ou servi\u00e7os<\/em><\/p>\n<p>A senten\u00e7a \u00e9 dessa quinta-feira, assinada pelo ministro Ives Gandra, por volta das 17 horas, reiterou para as entidades que descumprirem decis\u00e3o da Justi\u00e7a de manter o m\u00ednimo de 90% dos profissionais trabalhando, a multa di\u00e1ria de at\u00e9 R$ 500 mil por sindicato. O magistrado identificou\u00a0 que, pelo \u201cvi\u00e9s atentat\u00f3rio aos dispositivos da lei de greve e \u00e0 ordem judicial, a greve passou a revestir-se de car\u00e1ter abusivo\u201d.<\/p>\n<p>Grandra, depois de decidir que a incorpora\u00e7\u00e3o dos empregados da Ansa \u00e0 Petrobras \u00e9 inconstitucional, porque eles n\u00e3o s\u00e3o concursados, apontou que a greve dos petroleiros tem \u201cconota\u00e7\u00e3o pol\u00edtica e n\u00e3o econ\u00f4mica direta, o que n\u00e3o \u00e9 admitido por esta Corte\u201d. Ele entende que o descumprimento do percentual m\u00ednimo de efetivo pode colocar em risco a seguran\u00e7a das opera\u00e7\u00f5es e prejudicar os pr\u00f3prios empregados e toda a sociedade.<\/p>\n<p>\u201cN\u00e3o \u00e9 demais destacar que, pela natureza especial da atividade de produ\u00e7\u00e3o e refino de petr\u00f3leo, qualquer greve, por menor que seja o contingente de ades\u00e3o, provoca s\u00e9rios transtornos \u00e0 empresa, obrigando a utiliza\u00e7\u00e3o de equipes de conting\u00eancia (&#8230;). Assim, o dano imediato a instala\u00e7\u00f5es, produ\u00e7\u00e3o e fornecimento de combust\u00edveis, bem como aos trabalhadores que n\u00e3o t\u00eam conseguido ser rendidos, exige medidas mais efetivas para o cumprimento da ordem judicial expedida\u201d, explica.<\/p>\n<p>Dessa forma, a Justi\u00e7a determinou bloqueio cautelar das contas banc\u00e1rias e suspens\u00e3o do repasse mensal \u00e0s entidades sindicais. Tamb\u00e9m estendeu os efeitos da liminar ao Sindipetro &#8211; S\u00e3o Jos\u00e9 dos Campos e autorizou a Petrobras a contratar emergencialmente pessoas ou servi\u00e7os.<\/p>\n<p>&#8220;A Petrobras j\u00e1 informou por of\u00edcio a todas as entidades sindicais o n\u00famero exato de empregados em cada unidade e por turno para atender o contingente m\u00ednimo. A companhia aguarda cumprimento imediato da ordem judicial&#8221;, afirma a empresa.<\/p>\n","protected":false},"excerpt":{"rendered":"<p>Em nova decis\u00e3o, o Tribunal Superior do Trabalho (TAS) reafirmou que a greve dos petroleiros tem car\u00e1ter abusivo, determinou bloqueio de contas e suspens\u00e3o do repasse mensal \u00e0s entidades sindicais por descumprimento da decis\u00e3o judicial e autorizou a Petrobras a contratar emergencialmente pessoas ou servi\u00e7os A senten\u00e7a \u00e9 dessa quinta-feira, assinada pelo ministro Ives Gandra, por volta das 17 horas, [&hellip;]<\/p>\n","protected":false},"author":27,"featured_media":0,"comment_status":"open","ping_status":"closed","sticky":false,"template":"","format":"standard","meta":{"footnotes":""},"categories":[2719],"tags":[1188,2886,2278,3809,1248,15,647,951,2409,5504,5503,201,6244,4180,1379,2423,503],"class_list":["post-15247","post","type-post","status-publish","format-standard","hentry","category-servidor","tag-abusiva","tag-bloqueio","tag-contas","tag-contratar","tag-decisao","tag-greve","tag-guerra","tag-judicial","tag-liminares","tag-mental","tag-pessoas","tag-petrobras","tag-petroleiros","tag-repasse","tag-servicos","tag-suspensao","tag-tst"],"_links":{"self":[{"href":"https:\/\/blogs.correiobraziliense.com.br\/servidor\/wp-json\/wp\/v2\/posts\/15247","targetHints":{"allow":["GET"]}}],"collection":[{"href":"https:\/\/blogs.correiobraziliense.com.br\/servidor\/wp-json\/wp\/v2\/posts"}],"about":[{"href":"https:\/\/blogs.correiobraziliense.com.br\/servidor\/wp-json\/wp\/v2\/types\/post"}],"author":[{"embeddable":true,"href":"https:\/\/blogs.correiobraziliense.com.br\/servidor\/wp-json\/wp\/v2\/users\/27"}],"replies":[{"embeddable":true,"href":"https:\/\/blogs.correiobraziliense.com.br\/servidor\/wp-json\/wp\/v2\/comments?post=15247"}],"version-history":[{"count":1,"href":"https:\/\/blogs.correiobraziliense.com.br\/servidor\/wp-json\/wp\/v2\/posts\/15247\/revisions"}],"predecessor-version":[{"id":15248,"href":"https:\/\/blogs.correiobraziliense.com.br\/servidor\/wp-json\/wp\/v2\/posts\/15247\/revisions\/15248"}],"wp:attachment":[{"href":"https:\/\/blogs.correiobraziliense.com.br\/servidor\/wp-json\/wp\/v2\/media?parent=15247"}],"wp:term":[{"taxonomy":"category","embeddable":true,"href":"https:\/\/blogs.correiobraziliense.com.br\/servidor\/wp-json\/wp\/v2\/categories?post=15247"},{"taxonomy":"post_tag","embeddable":true,"href":"https:\/\/blogs.correiobraziliense.com.br\/servidor\/wp-json\/wp\/v2\/tags?post=15247"}],"curies":[{"name":"wp","href":"https:\/\/api.w.org\/{rel}","templated":true}]}}