{"id":15220,"date":"2020-02-05T15:34:56","date_gmt":"2020-02-05T18:34:56","guid":{"rendered":"https:\/\/blogs.correiobraziliense.com.br\/servidor\/?p=15220"},"modified":"2020-02-05T15:34:56","modified_gmt":"2020-02-05T18:34:56","slug":"policiais-rodoviarios-federais-tem-aposentadoria-cassada","status":"publish","type":"post","link":"https:\/\/blogs.correiobraziliense.com.br\/servidor\/policiais-rodoviarios-federais-tem-aposentadoria-cassada\/","title":{"rendered":"Policiais rodovi\u00e1rios federais t\u00eam aposentadoria cassada"},"content":{"rendered":"<p><em>Dois policiais rodovi\u00e1rios federais de Cachoeira do Sul (RS) condenados h\u00e1 11 anos por improbidade administrativa tiveram sua aposentadoria cassada pelo Tribunal Regional Federal da 4\u00aa Regi\u00e3o (TRF4). A ju\u00edza entendeu que a perda de fun\u00e7\u00e3o dos condenados n\u00e3o poderia resultar em benef\u00edcios custeados pela administra\u00e7\u00e3o p\u00fablica<\/em><\/p>\n<p>A Terceira Turma acatou o\u00a0 recurso do Minist\u00e9rio P\u00fablico Federal (MPF), entendendo que a pena de perda do cargo p\u00fablico \u00e0 \u00e9poca equivalia \u00e0 perda do benef\u00edcio. A vi\u00fava de outro policial condenado tamb\u00e9m teve a pens\u00e3o suspensa.<\/p>\n<p>A princ\u00edpio, a 1\u00aa Vara Federal de Santa Cruz do Sul (RS) negou a cassa\u00e7\u00e3o dos pagamentos previdenci\u00e1rios, mantendo as aposentadorias e a pens\u00e3o. O MPF recorreu ao tribunal sustentando que o objetivo da condena\u00e7\u00e3o de origem era desfazer o v\u00ednculo entre os agentes que cometeram a improbidade e o servi\u00e7o p\u00fablico.<\/p>\n<p>A relatora do caso no tribunal, ju\u00edza federal convocada Maria Isabel Pezzi Klein, decidiu pela substitui\u00e7\u00e3o do cumprimento da condena\u00e7\u00e3o, alterando o entendimento de primeiro grau. A magistrada ressaltou que a perda de fun\u00e7\u00e3o p\u00fablica dos condenados n\u00e3o poderia resultar em benef\u00edcios custeados pela administra\u00e7\u00e3o p\u00fablica.<\/p>\n<p>Segundo a relatora, \u201cainda que a Lei n\u00ba 8.429\/92 n\u00e3o preveja a cassa\u00e7\u00e3o da aposentadoria no rol das san\u00e7\u00f5es aplic\u00e1veis, no presente caso, sem o decreto desta n\u00e3o se alcan\u00e7ariam os objetivos almejados pela legisla\u00e7\u00e3o, ficando o servidor \u00e0 margem de puni\u00e7\u00e3o pela conduta \u00edmproba comprovadamente praticada\u201d.<\/p>\n<p>Os policiais foram condenados por cobrar valores de motoristas de caminh\u00e3o-guincho que iam resgatar autom\u00f3veis na BR 290, entre 1993 e 1997.<br \/>\n<em>Fonte<\/em>: TRF4<\/p>\n","protected":false},"excerpt":{"rendered":"<p>Dois policiais rodovi\u00e1rios federais de Cachoeira do Sul (RS) condenados h\u00e1 11 anos por improbidade administrativa tiveram sua aposentadoria cassada pelo Tribunal Regional Federal da 4\u00aa Regi\u00e3o (TRF4). A ju\u00edza entendeu que a perda de fun\u00e7\u00e3o dos condenados n\u00e3o poderia resultar em benef\u00edcios custeados pela administra\u00e7\u00e3o p\u00fablica A Terceira Turma acatou o\u00a0 recurso do Minist\u00e9rio P\u00fablico Federal (MPF), entendendo que [&hellip;]<\/p>\n","protected":false},"author":27,"featured_media":0,"comment_status":"open","ping_status":"closed","sticky":false,"template":"","format":"standard","meta":{"footnotes":""},"categories":[2719],"tags":[6,852,4296,1049,3568,10326,2092,3374,16939,1141,3388],"class_list":["post-15220","post","type-post","status-publish","format-standard","hentry","category-servidor","tag-aposentadoria","tag-beneficios","tag-cassada","tag-condenados","tag-conduta","tag-improbidade-administrativa","tag-legislacao","tag-pensao","tag-policiais-rodoviarios-federais","tag-punicao","tag-trf4"],"_links":{"self":[{"href":"https:\/\/blogs.correiobraziliense.com.br\/servidor\/wp-json\/wp\/v2\/posts\/15220","targetHints":{"allow":["GET"]}}],"collection":[{"href":"https:\/\/blogs.correiobraziliense.com.br\/servidor\/wp-json\/wp\/v2\/posts"}],"about":[{"href":"https:\/\/blogs.correiobraziliense.com.br\/servidor\/wp-json\/wp\/v2\/types\/post"}],"author":[{"embeddable":true,"href":"https:\/\/blogs.correiobraziliense.com.br\/servidor\/wp-json\/wp\/v2\/users\/27"}],"replies":[{"embeddable":true,"href":"https:\/\/blogs.correiobraziliense.com.br\/servidor\/wp-json\/wp\/v2\/comments?post=15220"}],"version-history":[{"count":1,"href":"https:\/\/blogs.correiobraziliense.com.br\/servidor\/wp-json\/wp\/v2\/posts\/15220\/revisions"}],"predecessor-version":[{"id":15221,"href":"https:\/\/blogs.correiobraziliense.com.br\/servidor\/wp-json\/wp\/v2\/posts\/15220\/revisions\/15221"}],"wp:attachment":[{"href":"https:\/\/blogs.correiobraziliense.com.br\/servidor\/wp-json\/wp\/v2\/media?parent=15220"}],"wp:term":[{"taxonomy":"category","embeddable":true,"href":"https:\/\/blogs.correiobraziliense.com.br\/servidor\/wp-json\/wp\/v2\/categories?post=15220"},{"taxonomy":"post_tag","embeddable":true,"href":"https:\/\/blogs.correiobraziliense.com.br\/servidor\/wp-json\/wp\/v2\/tags?post=15220"}],"curies":[{"name":"wp","href":"https:\/\/api.w.org\/{rel}","templated":true}]}}