{"id":15216,"date":"2020-02-04T20:54:46","date_gmt":"2020-02-04T23:54:46","guid":{"rendered":"https:\/\/blogs.correiobraziliense.com.br\/servidor\/?p=15216"},"modified":"2020-02-04T20:54:46","modified_gmt":"2020-02-04T23:54:46","slug":"petroleiros-mantem-greve-nacional","status":"publish","type":"post","link":"https:\/\/blogs.correiobraziliense.com.br\/servidor\/petroleiros-mantem-greve-nacional\/","title":{"rendered":"Petroleiros mant\u00eam greve nacional"},"content":{"rendered":"<p><em>Em rela\u00e7\u00e3o \u00e0 decis\u00e3o do ministro Yves Gandra Martins Filho, que estabeleceu multa di\u00e1ria de R$ 500 mil, a Federa\u00e7\u00e3o \u00danica dos Trabalhadores (FUP) informa que mant\u00e9m a greve e que seu Departamento Jur\u00eddico est\u00e1 avaliando o despacho emitido pelo Tribunal Superior do Trabalho (TST) nesta ter\u00e7a-feira<\/em><\/p>\n<p>Em resposta a um pedido de liminar da Petrobras, o ministro Ives Gandra, do TST, determinou que a categoria mantenha 90% do efetivo profissional em atividade. &#8220;Al\u00e9m disso, que &#8216;abstenham-se de impedir o livre tr\u00e2nsito de bens&#8217; nas instala\u00e7\u00f5es da empresa, o que vem sendo garantido pelos petroleiros desde o in\u00edcio da greve&#8221;, informa a FUP.<\/p>\n<p>\u201cO ministro Ives Gandra reconheceu em sua decis\u00e3o a legalidade de nossa greve. Por\u00e9m, estabeleceu condi\u00e7\u00f5es para a manuten\u00e7\u00e3o do movimento, sob pena de multa que pode chegar a R$ 4,5 milh\u00f5es por dia, o que consideramos abusivo. Diante disso, nosso departamento jur\u00eddico est\u00e1 elaborando recursos a essa decis\u00e3o\u201d, explica o diretor da FUP, Deyvid Bacelar.<\/p>\n<p>A FUP e seus sindicatos reiteram seu objetivo de garantir produtos essenciais para a popula\u00e7\u00e3o brasileira a pre\u00e7os justos. Este, ali\u00e1s, \u00e9 um dos motivos da greve iniciada no \u00faltimo s\u00e1bado (1\/2).<\/p>\n<p><strong>Evolu\u00e7\u00e3o do movimento<\/strong><\/p>\n<p>No quarto dia, a greve conta com ades\u00e3o de 17 mil petroleiros, distribu\u00eddos por 35 bases, em 12 estados do pa\u00eds.<\/p>\n<p>Com a ades\u00e3o de petroleiros de 14 plataformas da Bacia de Campos e de outras unidades pelo pa\u00eds, j\u00e1 chega a 17 mil o n\u00famero de trabalhadores do Sistema Petrobras que aderiu \u00e0 greve nacional promovida da Federa\u00e7\u00e3o \u00danica dos Petroleiros (FUP) e seus sindicatos. O movimento come\u00e7ou no \u00faltimo s\u00e1bado (1\/2), por tempo indeterminado, e contabiliza 35 bases, em 12 estados. A greve, informa a FUP, \u00e9 motivada pela decis\u00e3o dapetroleira de fechar a F\u00e1brica de Fertilizantes (Fafen) do Paran\u00e1 e pelo descumprimento pela de cl\u00e1usulas e negocia\u00e7\u00f5es no Acordo Coletivo de Trabalho (ACT).<\/p>\n<p>Al\u00e9m dos trabalhadores de plataformas de Campos, somaram-se ao movimento grevista petroleiros do terminal de Cabi\u00fanas, em Maca\u00e9 (RS); do Polo Guamar\u00e9, no Rio Grande do Norte; de terminais da Transpetro em S\u00e3o Paulo, Paran\u00e1 e Santa Catarina; e de bases de petr\u00f3leo terrestres de S\u00e3o Mateus (ES). S\u00e3o 2.240 novos trabalhadores que aderiram \u00e0 greve. Considerando o n\u00famero de trabalhadores lotados em locais envolvidos com o movimento (21.200), a ades\u00e3o supera 80%. Em rela\u00e7\u00e3o ao total de trabalhadores do Sistema Petrobras, o percentual \u00e9 de 35,6%.<\/p>\n<p>Tamb\u00e9m completou o quarto dia a ocupa\u00e7\u00e3o pac\u00edfica de uma sala no edif\u00edcio-sede (Edise) da Petrobras pela Comiss\u00e3o de Negocia\u00e7\u00e3o Permanente, formada por diretores da FUP e do Sindiqu\u00edmica.<\/p>\n<p><strong>Reinvindica\u00e7\u00f5es<\/strong><\/p>\n<p>A FUP reivindica a suspens\u00e3o imediata do programa de demiss\u00f5es de 1.000 funcion\u00e1rios da Fafen-PR, comunicado pela Petrobras e que, segundo a empresa, ser\u00e1 iniciado em 14 de fevereiro. As demiss\u00f5es ferem a cl\u00e1usula 26 do ACT, que determina que qualquer demiss\u00e3o em massa deve ser negociada previamente com os sindicatos, o que n\u00e3o ocorreu, destaca a FUP.<\/p>\n<p>Al\u00e9m disso, os petroleiros querem que a Petrobras estabele\u00e7a todos os grupos de trabalho (GTs) determinados no ACT para negociar pontos que n\u00e3o foram consensuais entre a empresa e a categoria. Esses pontos envolvem a tabela de turno dos trabalhadores da Petrobras; o banco de horas; o plano de sa\u00fade; e a participa\u00e7\u00e3o nos lucros e resultados (PLR). Ainda que j\u00e1 tenha aberto alguns GTs, a empresa tem tomado decis\u00f5es por conta pr\u00f3pria, sem o devido di\u00e1logo com os sindicatos nesses ambientes, como determinado pelo ACT.<\/p>\n","protected":false},"excerpt":{"rendered":"<p>Em rela\u00e7\u00e3o \u00e0 decis\u00e3o do ministro Yves Gandra Martins Filho, que estabeleceu multa di\u00e1ria de R$ 500 mil, a Federa\u00e7\u00e3o \u00danica dos Trabalhadores (FUP) informa que mant\u00e9m a greve e que seu Departamento Jur\u00eddico est\u00e1 avaliando o despacho emitido pelo Tribunal Superior do Trabalho (TST) nesta ter\u00e7a-feira Em resposta a um pedido de liminar da Petrobras, o ministro Ives Gandra, [&hellip;]<\/p>\n","protected":false},"author":27,"featured_media":0,"comment_status":"open","ping_status":"closed","sticky":false,"template":"","format":"standard","meta":{"footnotes":""},"categories":[2719],"tags":[474,3454,379,2009,15,5315,617,35,201,6244,478,3801,6232,503],"class_list":["post-15216","post","type-post","status-publish","format-standard","hentry","category-servidor","tag-adesao","tag-atividade","tag-categoria","tag-efetivo","tag-greve","tag-juridico","tag-liminar","tag-ministro","tag-petrobras","tag-petroleiros","tag-profissional","tag-sindicatos","tag-transito","tag-tst"],"_links":{"self":[{"href":"https:\/\/blogs.correiobraziliense.com.br\/servidor\/wp-json\/wp\/v2\/posts\/15216","targetHints":{"allow":["GET"]}}],"collection":[{"href":"https:\/\/blogs.correiobraziliense.com.br\/servidor\/wp-json\/wp\/v2\/posts"}],"about":[{"href":"https:\/\/blogs.correiobraziliense.com.br\/servidor\/wp-json\/wp\/v2\/types\/post"}],"author":[{"embeddable":true,"href":"https:\/\/blogs.correiobraziliense.com.br\/servidor\/wp-json\/wp\/v2\/users\/27"}],"replies":[{"embeddable":true,"href":"https:\/\/blogs.correiobraziliense.com.br\/servidor\/wp-json\/wp\/v2\/comments?post=15216"}],"version-history":[{"count":1,"href":"https:\/\/blogs.correiobraziliense.com.br\/servidor\/wp-json\/wp\/v2\/posts\/15216\/revisions"}],"predecessor-version":[{"id":15217,"href":"https:\/\/blogs.correiobraziliense.com.br\/servidor\/wp-json\/wp\/v2\/posts\/15216\/revisions\/15217"}],"wp:attachment":[{"href":"https:\/\/blogs.correiobraziliense.com.br\/servidor\/wp-json\/wp\/v2\/media?parent=15216"}],"wp:term":[{"taxonomy":"category","embeddable":true,"href":"https:\/\/blogs.correiobraziliense.com.br\/servidor\/wp-json\/wp\/v2\/categories?post=15216"},{"taxonomy":"post_tag","embeddable":true,"href":"https:\/\/blogs.correiobraziliense.com.br\/servidor\/wp-json\/wp\/v2\/tags?post=15216"}],"curies":[{"name":"wp","href":"https:\/\/api.w.org\/{rel}","templated":true}]}}