{"id":15214,"date":"2020-02-04T20:13:20","date_gmt":"2020-02-04T23:13:20","guid":{"rendered":"https:\/\/blogs.correiobraziliense.com.br\/servidor\/?p=15214"},"modified":"2020-02-04T20:13:20","modified_gmt":"2020-02-04T23:13:20","slug":"mec-manual-das-escolas-civico-militares-prioriza-a-formacao-integral-dos-estudantes-o-projeto-pedagogico-e-a-gestao-escolar","status":"publish","type":"post","link":"https:\/\/blogs.correiobraziliense.com.br\/servidor\/mec-manual-das-escolas-civico-militares-prioriza-a-formacao-integral-dos-estudantes-o-projeto-pedagogico-e-a-gestao-escolar\/","title":{"rendered":"MEC &#8211; Manual das Escolas C\u00edvico-Militares prioriza a forma\u00e7\u00e3o integral dos estudantes, o projeto pedag\u00f3gico e a gest\u00e3o escolar"},"content":{"rendered":"<p><em>Projeto-piloto tem como base civismo, dedica\u00e7\u00e3o, excel\u00eancia, honestidade e respeito, informa Minist\u00e9rio da Educa\u00e7\u00e3o. A proposta \u00e9 implantar 216 escolas c\u00edvico-militares em todo o pa\u00eds at\u00e9 2023, sendo 54 por ano, destaca a nota do minist\u00e9rio<\/em><\/p>\n<p>O modelo de gest\u00e3o c\u00edvico-militar para escolas p\u00fablicas desenvolvido pelo Minist\u00e9rio da Educa\u00e7\u00e3o (MEC) j\u00e1 tem um manual com 324 p\u00e1ginas, que come\u00e7a a ser executado ao longo de 2020. &#8220;A finalidade da publica\u00e7\u00e3o \u00e9 orientar os entes federativos participantes do Programa Nacional das Escolas C\u00edvico-Militares na implanta\u00e7\u00e3o e no funcionamento das escolas c\u00edvico-militares&#8221;, destaca, em nota, o \u00f3rg\u00e3o.<\/p>\n<p>O programa tem como p\u00fablico-alvo alunos, gestores, professores, profissionais da educa\u00e7\u00e3o, militares e a comunidade escolar das escolas p\u00fablicas de ensino regular \u2014 nos anos finais do ensino fundamental (6\u00ba ao 9\u00ba) e\/ou ensino m\u00e9dio \u2014 que adotarem o modelo do MEC.<\/p>\n<p>Segundo o diretor de Pol\u00edticas para as Escolas C\u00edvico-Militares, Aroldo Cursino, o manual tem como base tr\u00eas \u00e1reas para gest\u00e3o de excel\u00eancia: educacional, did\u00e1tico-pedag\u00f3gica e administrativa. \u201cTudo isso para esclarecer aos interessados o funcionamento desse modelo educacional\u201d, explicou.<\/p>\n<p>As tr\u00eas \u00e1reas priorit\u00e1rias descritas no manual est\u00e3o divididas em partes, &#8220;de forma a priorizar a qualidade das escolas p\u00fablicas&#8221;, aponta o MEC. S\u00e3o elas: regulamento das escolas; projeto pol\u00edtico-pedag\u00f3gico: projeto valores; normas de apoio pedag\u00f3gico; avalia\u00e7\u00e3o educacional; de psicopedagogia escolar; supervis\u00e3o escolar; gest\u00e3o administrativa; conduta e atitudes; uso de uniforme e de apresenta\u00e7\u00e3o pessoal dos alunos; e cartilha para os respons\u00e1veis.<\/p>\n<p><strong>Capacita\u00e7\u00f5es<\/strong><\/p>\n<p>Para cada grupo de 60 alunos, destacou Cursino, haver\u00e1 um monitor capacitado pelo MEC para contribuir na forma\u00e7\u00e3o e no desenvolvimento humano global dos estudantes. Ser\u00e3o realizadas capacita\u00e7\u00f5es voltadas para militares das corpora\u00e7\u00f5es estaduais (policiais e bombeiros) e militares das For\u00e7as Armadas que trabalhar\u00e3o nas escolas.<\/p>\n<p>A mais pr\u00f3xima ser\u00e1 em Porto Alegre (RS), de 10 a 14 de fevereiro. &#8220;O objetivo \u00e9 promover uma gest\u00e3o de excel\u00eancia e contribuir para a educa\u00e7\u00e3o integral, a forma\u00e7\u00e3o e o desenvolvimento dos alunos para a melhoria da educa\u00e7\u00e3o b\u00e1sica \u2014 foco principal da atual gest\u00e3o do MEC&#8221;, enfatiza a nota.<\/p>\n<p><strong>Uniforme<\/strong><\/p>\n<p>De acordo com Cursino, as sugest\u00f5es do Manual das Escolas C\u00edvico-Militares sobre os uniformes dos alunos seguem os moldes adotados h\u00e1 anos por essas institui\u00e7\u00f5es. \u201cIsso faz com que os estudantes tenham identidade com o ambiente escolar e a autoestima elevada a partir de um sentimento de pertencimento\u201d, frisou.<\/p>\n<p>A ades\u00e3o ao programa \u00e9 volunt\u00e1ria. \u201cNosso objetivo \u00e9 melhorar a gest\u00e3o escolar, o ambiente escolar, as pr\u00e1ticas pedag\u00f3gicas e o aprendizado e desempenho dos estudantes nas escolas\u201d, explicou Cursino.<\/p>\n<p>Atua\u00e7\u00e3o \u2013 A iniciativa \u00e9 destinada a escolas p\u00fablicas. Ter\u00e3o prefer\u00eancia:<\/p>\n<p>as regulares que ofertem os anos finais (6\u00ba ao 9\u00ba) do ensino fundamental e ensino m\u00e9dio, preferencialmente com efetivo de 500 a 1.000 alunos; as com estudantes em situa\u00e7\u00e3o de vulnerabilidade social e \u00cdndice de Desenvolvimento de Educa\u00e7\u00e3o B\u00e1sica (Ideb) abaixo da m\u00e9dia do estado; aquelas que possuam aprova\u00e7\u00e3o da comunidade escolar para implanta\u00e7\u00e3o do modelo.<\/p>\n<p><strong>Funcionamento das \u00e1reas \u2013 Assim funcionar\u00e1 o trip\u00e9 da atua\u00e7\u00e3o dos militares:<\/strong><\/p>\n<p>Did\u00e1tico-pedag\u00f3gica: com atividades de supervis\u00e3o escolar e psicopedagogia para melhorar o processo de ensino e de aprendizagem preservando as atribui\u00e7\u00f5es exclusivas dos docentes;<br \/>\neducacional: pretende fortalecer os valores humanos, \u00e9ticos e morais bem como incentivar a forma\u00e7\u00e3o integral como cidad\u00e3o e promover a sensa\u00e7\u00e3o de pertencimento no ambiente escolar;<br \/>\nadministrativa: para aprimorar a infraestrutura e a organiza\u00e7\u00e3o da escola e, consequentemente, a utiliza\u00e7\u00e3o de recursos dispon\u00edveis na unidade escolar.<\/p>\n<p>&#8220;Os militares ir\u00e3o atuar, prioritariamente, na \u00e1rea educacional e prestar\u00e3o assessoramento nas \u00e1reas administrativa e did\u00e1tico-pedag\u00f3gica. O governo preservar\u00e1 a exclusividade das atribui\u00e7\u00f5es dos profissionais da educa\u00e7\u00e3o previstas na Lei de Diretrizes e Bases (LDB)&#8221;, avisa o MEC.<\/p>\n<p><strong>O programa<\/strong><\/p>\n<p>O Programa Nacional das Escolas C\u00edvico-Militares \u00e9 uma iniciativa do MEC em parceria com o Minist\u00e9rio da Defesa, que apresenta um conceito de gest\u00e3o nas \u00e1reas educacional, did\u00e1tico-pedag\u00f3gica e administrativa com a participa\u00e7\u00e3o do corpo docente da escola e apoio dos militares. A proposta \u00e9 implantar 216 escolas c\u00edvico-militares em todo o pa\u00eds at\u00e9 2023, sendo 54 por ano.<\/p>\n","protected":false},"excerpt":{"rendered":"<p>Projeto-piloto tem como base civismo, dedica\u00e7\u00e3o, excel\u00eancia, honestidade e respeito, informa Minist\u00e9rio da Educa\u00e7\u00e3o. A proposta \u00e9 implantar 216 escolas c\u00edvico-militares em todo o pa\u00eds at\u00e9 2023, sendo 54 por ano, destaca a nota do minist\u00e9rio O modelo de gest\u00e3o c\u00edvico-militar para escolas p\u00fablicas desenvolvido pelo Minist\u00e9rio da Educa\u00e7\u00e3o (MEC) j\u00e1 tem um manual com 324 p\u00e1ginas, que come\u00e7a a [&hellip;]<\/p>\n","protected":false},"author":27,"featured_media":0,"comment_status":"open","ping_status":"closed","sticky":false,"template":"","format":"standard","meta":{"footnotes":""},"categories":[2719],"tags":[1442,13530,1165,16937,4090,4018,1163,7768,4443,315,6653,1036,16934,392,5957,16935,110,101,16936,16938],"class_list":["post-15214","post","type-post","status-publish","format-standard","hentry","category-servidor","tag-alunos","tag-autoestima","tag-bombeiros","tag-civismo","tag-dedicacao","tag-escolar","tag-estudantes","tag-excelencia","tag-formacao","tag-gestao","tag-honestidade","tag-integral","tag-manual-das-escolas-civico-militares","tag-mec","tag-ministerio-da-educacao","tag-pedagogico","tag-policiais","tag-projeto","tag-projeto-piloto","tag-respeito-professores"],"_links":{"self":[{"href":"https:\/\/blogs.correiobraziliense.com.br\/servidor\/wp-json\/wp\/v2\/posts\/15214","targetHints":{"allow":["GET"]}}],"collection":[{"href":"https:\/\/blogs.correiobraziliense.com.br\/servidor\/wp-json\/wp\/v2\/posts"}],"about":[{"href":"https:\/\/blogs.correiobraziliense.com.br\/servidor\/wp-json\/wp\/v2\/types\/post"}],"author":[{"embeddable":true,"href":"https:\/\/blogs.correiobraziliense.com.br\/servidor\/wp-json\/wp\/v2\/users\/27"}],"replies":[{"embeddable":true,"href":"https:\/\/blogs.correiobraziliense.com.br\/servidor\/wp-json\/wp\/v2\/comments?post=15214"}],"version-history":[{"count":1,"href":"https:\/\/blogs.correiobraziliense.com.br\/servidor\/wp-json\/wp\/v2\/posts\/15214\/revisions"}],"predecessor-version":[{"id":15215,"href":"https:\/\/blogs.correiobraziliense.com.br\/servidor\/wp-json\/wp\/v2\/posts\/15214\/revisions\/15215"}],"wp:attachment":[{"href":"https:\/\/blogs.correiobraziliense.com.br\/servidor\/wp-json\/wp\/v2\/media?parent=15214"}],"wp:term":[{"taxonomy":"category","embeddable":true,"href":"https:\/\/blogs.correiobraziliense.com.br\/servidor\/wp-json\/wp\/v2\/categories?post=15214"},{"taxonomy":"post_tag","embeddable":true,"href":"https:\/\/blogs.correiobraziliense.com.br\/servidor\/wp-json\/wp\/v2\/tags?post=15214"}],"curies":[{"name":"wp","href":"https:\/\/api.w.org\/{rel}","templated":true}]}}