{"id":15208,"date":"2020-02-04T18:53:01","date_gmt":"2020-02-04T21:53:01","guid":{"rendered":"https:\/\/blogs.correiobraziliense.com.br\/servidor\/?p=15208"},"modified":"2020-02-04T18:53:01","modified_gmt":"2020-02-04T21:53:01","slug":"sistema-vai-facilitar-cadastro-nacional-de-peritos-na-justica-do-trabalho","status":"publish","type":"post","link":"https:\/\/blogs.correiobraziliense.com.br\/servidor\/sistema-vai-facilitar-cadastro-nacional-de-peritos-na-justica-do-trabalho\/","title":{"rendered":"Sistema vai facilitar cadastro nacional de peritos na Justi\u00e7a do Trabalho"},"content":{"rendered":"<p><em>Projeto-piloto foi lan\u00e7ado hoje (4) no Tribunal Regional do Trabalho da 3\u00aa Regi\u00e3o (MG). Objetivos \u00e9 dar maior transpar\u00eancia ao processo e controle dos gastos p\u00fablicos. Peritos, int\u00e9rpretes e tradutores dever\u00e3o se cadastrar no Sistema de Assist\u00eancia Judici\u00e1ria da Justi\u00e7a do Trabalho (AJ-JT), para atuar judicialmente<\/em><\/p>\n<p>Para o presidente do Tribunal Superior do Trabalho (TST) e do Conselho Superior da Justi\u00e7a do Trabalho (CSJT), ministro Brito Pereira, o novo sistema possibilita maior controle e transpar\u00eancia dos gastos p\u00fablicos. \u201cO sistema ser\u00e1 usado para fazer o pagamento dos peritos nos processos em que tal incumb\u00eancia fica a cargo da Uni\u00e3o\u201d, disse. \u201cAl\u00e9m disso, as partes e os magistrados ter\u00e3o a certeza de que no processo atuam profissionais realmente capacitados\u201d.<\/p>\n<p>O corregedor-geral da Justi\u00e7a do Trabalho, ministro Lelio Bentes Corr\u00eaa, ressaltou o pioneirismo tecnol\u00f3gico da Justi\u00e7a do Trabalho. \u201cO sistema AJ-JT \u00e9 uma ferramenta importante de gest\u00e3o processual \u00e0 disposi\u00e7\u00e3o dos magistrados, um diferencial deste ramo da Justi\u00e7a\u201d, disse.<\/p>\n<p><strong>Seguran\u00e7a jur\u00eddic<\/strong>a<\/p>\n<p>Respons\u00e1vel pelo projeto-piloto em Minas Gerais, a desembargadora Ana Maria Rebou\u00e7as apresentou o sistema e destacou as prioridades do projeto: impessoalidade, transpar\u00eancia e seguran\u00e7a jur\u00eddica. Segundo ela, o sistema antigo de cadastramento continuar\u00e1 funcionando por enquanto. \u201cCom o tempo, contudo, somente os peritos, int\u00e9rpretes e tradutores cadastrados no AJ-JT ser\u00e3o nomeados para atua\u00e7\u00e3o processual\u201d, disse.<\/p>\n<p>No caso de n\u00e3o haver profissionais de determinadas \u00e1reas no sistema, eles poder\u00e3o ser buscados na sociedade, com a concess\u00e3o de prazo de 30 dias para a realiza\u00e7\u00e3o de cadastro no AJ-JT.<\/p>\n<p><strong>Nomea\u00e7\u00e3o de peritos<\/strong><\/p>\n<p>O sistema tamb\u00e9m deve solucionar a dificuldade dos magistrados que atuam no interior dos estados na nomea\u00e7\u00e3o de peritos. A presidente da Associa\u00e7\u00e3o dos Peritos Judiciais, \u00c1rbitros, Conciliadores e Mediadores de Minas Gerais (Aspejud), Cristina Lisboa Vaz de Melo, ressaltou a import\u00e2ncia da nacionaliza\u00e7\u00e3o do cadastro, uma vez que algumas Varas do Trabalho no interior contam com poucos profissionais cadastrados. \u201cAgora, teremos um sistema nacional, e alguns peritos poder\u00e3o trabalhar em processos ajuizados em qualquer munic\u00edpio sem sair de casa, comodidade proporcionada n\u00e3o s\u00f3 pelo AJ-JT, mas pelo PJe (Processo Judicial Eletr\u00f4nico)\u201d, afirmou.<\/p>\n<p><strong>Homenagem<\/strong><\/p>\n<p>No in\u00edcio da solenidade, foi feito um minuto de sil\u00eancio em homenagem ao juiz titular da 28\u00aa Vara do Trabalho de Belo Horizonte (MG), Jo\u00e3o Roberto Borges, que faleceu nesta segunda-feira (3).<\/p>\n<p>O ministro Brito Pereira tamb\u00e9m lembrou o momento de tristeza enfrentado por Minas Gerais, em raz\u00e3o das trag\u00e9dias que assolam o estado, entre elas as fortes chuvas.<\/p>\n<p>&nbsp;<\/p>\n","protected":false},"excerpt":{"rendered":"<p>Projeto-piloto foi lan\u00e7ado hoje (4) no Tribunal Regional do Trabalho da 3\u00aa Regi\u00e3o (MG). Objetivos \u00e9 dar maior transpar\u00eancia ao processo e controle dos gastos p\u00fablicos. Peritos, int\u00e9rpretes e tradutores dever\u00e3o se cadastrar no Sistema de Assist\u00eancia Judici\u00e1ria da Justi\u00e7a do Trabalho (AJ-JT), para atuar judicialmente Para o presidente do Tribunal Superior do Trabalho (TST) e do Conselho Superior da [&hellip;]<\/p>\n","protected":false},"author":27,"featured_media":0,"comment_status":"open","ping_status":"closed","sticky":false,"template":"","format":"standard","meta":{"footnotes":""},"categories":[2719],"tags":[16929,12449,207,3211,1169,16931,697,151,504,562,16930,1075,24,961,16932,168,503,330],"class_list":["post-15208","post","type-post","status-publish","format-standard","hentry","category-servidor","tag-cadastro-nacional","tag-capacitados","tag-controle","tag-csjt","tag-gastos","tag-interpretes","tag-justica-do-trabalho","tag-pagamento","tag-peritos","tag-processos","tag-proejto-piloto","tag-profissionais","tag-publicos","tag-sistema","tag-tradutores","tag-transparencia","tag-tst","tag-uniao"],"_links":{"self":[{"href":"https:\/\/blogs.correiobraziliense.com.br\/servidor\/wp-json\/wp\/v2\/posts\/15208","targetHints":{"allow":["GET"]}}],"collection":[{"href":"https:\/\/blogs.correiobraziliense.com.br\/servidor\/wp-json\/wp\/v2\/posts"}],"about":[{"href":"https:\/\/blogs.correiobraziliense.com.br\/servidor\/wp-json\/wp\/v2\/types\/post"}],"author":[{"embeddable":true,"href":"https:\/\/blogs.correiobraziliense.com.br\/servidor\/wp-json\/wp\/v2\/users\/27"}],"replies":[{"embeddable":true,"href":"https:\/\/blogs.correiobraziliense.com.br\/servidor\/wp-json\/wp\/v2\/comments?post=15208"}],"version-history":[{"count":1,"href":"https:\/\/blogs.correiobraziliense.com.br\/servidor\/wp-json\/wp\/v2\/posts\/15208\/revisions"}],"predecessor-version":[{"id":15209,"href":"https:\/\/blogs.correiobraziliense.com.br\/servidor\/wp-json\/wp\/v2\/posts\/15208\/revisions\/15209"}],"wp:attachment":[{"href":"https:\/\/blogs.correiobraziliense.com.br\/servidor\/wp-json\/wp\/v2\/media?parent=15208"}],"wp:term":[{"taxonomy":"category","embeddable":true,"href":"https:\/\/blogs.correiobraziliense.com.br\/servidor\/wp-json\/wp\/v2\/categories?post=15208"},{"taxonomy":"post_tag","embeddable":true,"href":"https:\/\/blogs.correiobraziliense.com.br\/servidor\/wp-json\/wp\/v2\/tags?post=15208"}],"curies":[{"name":"wp","href":"https:\/\/api.w.org\/{rel}","templated":true}]}}