{"id":15192,"date":"2020-02-03T19:08:45","date_gmt":"2020-02-03T22:08:45","guid":{"rendered":"https:\/\/blogs.correiobraziliense.com.br\/servidor\/?p=15192"},"modified":"2020-02-03T19:08:45","modified_gmt":"2020-02-03T22:08:45","slug":"ppi-sera-uma-nova-secretaria-especial-do-ministerio-da-economia","status":"publish","type":"post","link":"https:\/\/blogs.correiobraziliense.com.br\/servidor\/ppi-sera-uma-nova-secretaria-especial-do-ministerio-da-economia\/","title":{"rendered":"PPI ser\u00e1 uma nova Secretaria Especial do Minist\u00e9rio da Economia"},"content":{"rendered":"<p><em>O Minist\u00e9rio da Economia informa que o Programa de Parcerias de Investimentos (PPI) ser\u00e1 incorporado ao \u00f3rg\u00e3o na forma de uma nova secretaria especial e seguir\u00e1 sob o comando da secret\u00e1ria Martha Seillier. &#8220;A diretriz dada pelo ministro Paulo Guedes \u00e9 maximizar esfor\u00e7os conjuntamente com a Secretaria de Desestatiza\u00e7\u00e3o, Desinvestimentos e Mercados para acelerar o programa de privatiza\u00e7\u00e3o de empresas estatais&#8221;, informou o minist\u00e9rio.<\/em><\/p>\n","protected":false},"excerpt":{"rendered":"<p>O Minist\u00e9rio da Economia informa que o Programa de Parcerias de Investimentos (PPI) ser\u00e1 incorporado ao \u00f3rg\u00e3o na forma de uma nova secretaria especial e seguir\u00e1 sob o comando da secret\u00e1ria Martha Seillier. &#8220;A diretriz dada pelo ministro Paulo Guedes \u00e9 maximizar esfor\u00e7os conjuntamente com a Secretaria de Desestatiza\u00e7\u00e3o, Desinvestimentos e Mercados para acelerar o programa de privatiza\u00e7\u00e3o de empresas [&hellip;]<\/p>\n","protected":false},"author":27,"featured_media":0,"comment_status":"open","ping_status":"closed","sticky":false,"template":"","format":"standard","meta":{"footnotes":""},"categories":[2719],"tags":[1776,14327,2531,1001,16919],"class_list":["post-15192","post","type-post","status-publish","format-standard","hentry","category-servidor","tag-comando","tag-ministerio-da-economia","tag-ppi","tag-privatizacao","tag-secretaria-especial"],"_links":{"self":[{"href":"https:\/\/blogs.correiobraziliense.com.br\/servidor\/wp-json\/wp\/v2\/posts\/15192","targetHints":{"allow":["GET"]}}],"collection":[{"href":"https:\/\/blogs.correiobraziliense.com.br\/servidor\/wp-json\/wp\/v2\/posts"}],"about":[{"href":"https:\/\/blogs.correiobraziliense.com.br\/servidor\/wp-json\/wp\/v2\/types\/post"}],"author":[{"embeddable":true,"href":"https:\/\/blogs.correiobraziliense.com.br\/servidor\/wp-json\/wp\/v2\/users\/27"}],"replies":[{"embeddable":true,"href":"https:\/\/blogs.correiobraziliense.com.br\/servidor\/wp-json\/wp\/v2\/comments?post=15192"}],"version-history":[{"count":1,"href":"https:\/\/blogs.correiobraziliense.com.br\/servidor\/wp-json\/wp\/v2\/posts\/15192\/revisions"}],"predecessor-version":[{"id":15193,"href":"https:\/\/blogs.correiobraziliense.com.br\/servidor\/wp-json\/wp\/v2\/posts\/15192\/revisions\/15193"}],"wp:attachment":[{"href":"https:\/\/blogs.correiobraziliense.com.br\/servidor\/wp-json\/wp\/v2\/media?parent=15192"}],"wp:term":[{"taxonomy":"category","embeddable":true,"href":"https:\/\/blogs.correiobraziliense.com.br\/servidor\/wp-json\/wp\/v2\/categories?post=15192"},{"taxonomy":"post_tag","embeddable":true,"href":"https:\/\/blogs.correiobraziliense.com.br\/servidor\/wp-json\/wp\/v2\/tags?post=15192"}],"curies":[{"name":"wp","href":"https:\/\/api.w.org\/{rel}","templated":true}]}}