{"id":15177,"date":"2020-02-03T10:51:35","date_gmt":"2020-02-03T13:51:35","guid":{"rendered":"https:\/\/blogs.correiobraziliense.com.br\/servidor\/?p=15177"},"modified":"2020-02-03T10:53:01","modified_gmt":"2020-02-03T13:53:01","slug":"frente-parlamentar-mista-do-servico-publico-marchinha-de-carnaval-em-defesa-do-funcionalismo","status":"publish","type":"post","link":"https:\/\/blogs.correiobraziliense.com.br\/servidor\/frente-parlamentar-mista-do-servico-publico-marchinha-de-carnaval-em-defesa-do-funcionalismo\/","title":{"rendered":"Frente Parlamentar Mista do Servi\u00e7o P\u00fablico &#8211; Marchinha de carnaval em defesa do funcionalismo"},"content":{"rendered":"<p><em>A Frente Parlamentar Mista do Servi\u00e7o P\u00fablico, criada em 2007, lan\u00e7a marchinha de carnaval \u201c Respeite o Servidor P\u00fablico\u201d como parte da campanha em defesa dos direitos dos servidores e usu\u00e1rios do servi\u00e7o p\u00fablico no Brasil. No texto, a letra destaca o refr\u00e3o &#8220;presidente, respeite o servidor&#8221;<br \/>\n<\/em><\/p>\n<p><iframe loading=\"lazy\" title=\"\u201cRESPEITE O SERVIDOR P\u00daBLICO\u201d marchinha de carnaval da Frente Parlamentar Mista do Servi\u00e7o P\u00fablico\" width=\"1440\" height=\"810\" src=\"https:\/\/www.youtube.com\/embed\/WlpD6TB25X0?feature=oembed\" frameborder=\"0\" allow=\"accelerometer; autoplay; clipboard-write; encrypted-media; gyroscope; picture-in-picture; web-share\" referrerpolicy=\"strict-origin-when-cross-origin\" allowfullscreen><\/iframe><\/p>\n<p>\u201cAl\u00f4 Presidente<br \/>\nO que est\u00e1 acontecendo?<br \/>\nO que &#8220;c\u00ea t\u00e1 fazendo&#8221;?<br \/>\nO que &#8220;c\u00ea t\u00e1 fazendo&#8221;?<\/p>\n<p>Respeite o servidor<br \/>\nQue atende a popula\u00e7\u00e3o<br \/>\n\u00c9 covardia<br \/>\nEssa reforma na administra\u00e7\u00e3o<br \/>\nAo inv\u00e9s de cortar<br \/>\nNos d\u00ea melhores condi\u00e7\u00f5es pra trabalhar<\/p>\n<p>Al\u00f4 Presidente&#8230;<\/p>\n<p>Aqui n\u00e3o tem laranja<br \/>\nNem arminha pra causar<br \/>\nAqui a gente trabalha<br \/>\nPro Brasil andar<br \/>\nE o servidor federal, estadual municipal na luta pro Brasil melhorar<\/p>\n<p>Al\u00f4 Presidente&#8230;<\/p>\n<p>Sr presidente<br \/>\nLembre que o cidad\u00e3o<br \/>\nprecisa de servi\u00e7os p\u00fablicos da melhor qualidade.<br \/>\nUniversidades<br \/>\nHospitais e escolas vamos l\u00e1<br \/>\nEssa reforma n\u00e3o vai passar<\/p>\n<p>Al\u00f4 Presidente &#8230;\u201d<\/p>\n","protected":false},"excerpt":{"rendered":"<p>A Frente Parlamentar Mista do Servi\u00e7o P\u00fablico, criada em 2007, lan\u00e7a marchinha de carnaval \u201c Respeite o Servidor P\u00fablico\u201d como parte da campanha em defesa dos direitos dos servidores e usu\u00e1rios do servi\u00e7o p\u00fablico no Brasil. No texto, a letra destaca o refr\u00e3o &#8220;presidente, respeite o servidor&#8221; \u201cAl\u00f4 Presidente O que est\u00e1 acontecendo? O que &#8220;c\u00ea t\u00e1 fazendo&#8221;? O que [&hellip;]<\/p>\n","protected":false},"author":27,"featured_media":0,"comment_status":"open","ping_status":"closed","sticky":false,"template":"","format":"standard","meta":{"footnotes":""},"categories":[2719],"tags":[662,16280,1164,10981,81,16908,16907,8],"class_list":["post-15177","post","type-post","status-publish","format-standard","hentry","category-servidor","tag-carnaval","tag-frente-parlamentar-mista-do-servico-publico","tag-funcionalismo","tag-marchinha","tag-presidente","tag-reforma-adminsitrativa","tag-respeto","tag-servidor"],"_links":{"self":[{"href":"https:\/\/blogs.correiobraziliense.com.br\/servidor\/wp-json\/wp\/v2\/posts\/15177","targetHints":{"allow":["GET"]}}],"collection":[{"href":"https:\/\/blogs.correiobraziliense.com.br\/servidor\/wp-json\/wp\/v2\/posts"}],"about":[{"href":"https:\/\/blogs.correiobraziliense.com.br\/servidor\/wp-json\/wp\/v2\/types\/post"}],"author":[{"embeddable":true,"href":"https:\/\/blogs.correiobraziliense.com.br\/servidor\/wp-json\/wp\/v2\/users\/27"}],"replies":[{"embeddable":true,"href":"https:\/\/blogs.correiobraziliense.com.br\/servidor\/wp-json\/wp\/v2\/comments?post=15177"}],"version-history":[{"count":3,"href":"https:\/\/blogs.correiobraziliense.com.br\/servidor\/wp-json\/wp\/v2\/posts\/15177\/revisions"}],"predecessor-version":[{"id":15180,"href":"https:\/\/blogs.correiobraziliense.com.br\/servidor\/wp-json\/wp\/v2\/posts\/15177\/revisions\/15180"}],"wp:attachment":[{"href":"https:\/\/blogs.correiobraziliense.com.br\/servidor\/wp-json\/wp\/v2\/media?parent=15177"}],"wp:term":[{"taxonomy":"category","embeddable":true,"href":"https:\/\/blogs.correiobraziliense.com.br\/servidor\/wp-json\/wp\/v2\/categories?post=15177"},{"taxonomy":"post_tag","embeddable":true,"href":"https:\/\/blogs.correiobraziliense.com.br\/servidor\/wp-json\/wp\/v2\/tags?post=15177"}],"curies":[{"name":"wp","href":"https:\/\/api.w.org\/{rel}","templated":true}]}}