{"id":15172,"date":"2020-01-31T16:42:16","date_gmt":"2020-01-31T19:42:16","guid":{"rendered":"https:\/\/blogs.correiobraziliense.com.br\/servidor\/?p=15172"},"modified":"2020-01-31T16:42:16","modified_gmt":"2020-01-31T19:42:16","slug":"qual-estado-brasileiro-teve-a-maior-variacao-de-passagem-em-2020","status":"publish","type":"post","link":"https:\/\/blogs.correiobraziliense.com.br\/servidor\/qual-estado-brasileiro-teve-a-maior-variacao-de-passagem-em-2020\/","title":{"rendered":"Qual estado brasileiro teve a maior varia\u00e7\u00e3o de passagem em 2020?"},"content":{"rendered":"<p>Levantamento do Cuponation mostra as tarifas de \u00f4nibus de norte a sul<\/p>\n<p>O transporte p\u00fablico \u00e9 o meio de locomo\u00e7\u00e3o mais utilizado pela popula\u00e7\u00e3o no Brasil e no mundo. O Cuponation, plataforma de descontos online e integrante da alem\u00e3 Global Savings Group, fez um levantamento para apontar quanto cada capital brasileira cobra pela tarifa e qual estado teve a maior porcentagem de varia\u00e7\u00e3o entre o valor da tarifa atual e da anterior.<\/p>\n<p>Na pesquisa, foi registrado que Porto Alegre ocupa o primeiro lugar no ranking do ticket de transporte p\u00fablico mais caro do pa\u00eds, cobrando R$ 4,70 pela passagem. Belo Horizonte e Curitiba est\u00e3o em segundo e terceiro lugares, onde os cidad\u00e3os embolsam R$ 4,50 por ticket. S\u00e3o Lu\u00eds \u00e9 a capital com o valor mais barato do Brasil, arrecadando R$ 3,40 por pessoa &#8211; e, portanto, est\u00e1 no \u00faltimo lugar do ranking.<\/p>\n<p>Ao comparar as informa\u00e7\u00f5es com os dados do mesmo levantamento, em 2019, pelo Cuponation, foi analisado que a capital do Rio Grande do Sul continua tendo a tarifa mais cara do pa\u00eds. Em contrapartida, o estado com a passagem mais barata era Amap\u00e1, que cobrava apenas R$ 3,25, (valor que subiu para R$ 3,70). Veja os rankings completos no infogr\u00e1fico interativo do Cuponation.<\/p>\n<p><img loading=\"lazy\" decoding=\"async\" class=\"size-full wp-image-15173 aligncenter\" src=\"https:\/\/blogs.correiobraziliense.com.br\/servidor\/wp-content\/uploads\/sites\/10\/2020\/01\/15.jpg\" alt=\"\" width=\"651\" height=\"769\" srcset=\"https:\/\/blogs.correiobraziliense.com.br\/servidor\/wp-content\/uploads\/sites\/10\/2020\/01\/15.jpg 651w, https:\/\/blogs.correiobraziliense.com.br\/servidor\/wp-content\/uploads\/sites\/10\/2020\/01\/15-254x300.jpg 254w, https:\/\/blogs.correiobraziliense.com.br\/servidor\/wp-content\/uploads\/sites\/10\/2020\/01\/15-296x350.jpg 296w, https:\/\/blogs.correiobraziliense.com.br\/servidor\/wp-content\/uploads\/sites\/10\/2020\/01\/15-550x650.jpg 550w, https:\/\/blogs.correiobraziliense.com.br\/servidor\/wp-content\/uploads\/sites\/10\/2020\/01\/15-230x272.jpg 230w\" sizes=\"auto, (max-width: 651px) 100vw, 651px\" \/><\/p>\n<p><img loading=\"lazy\" decoding=\"async\" class=\"size-full wp-image-15174 aligncenter\" src=\"https:\/\/blogs.correiobraziliense.com.br\/servidor\/wp-content\/uploads\/sites\/10\/2020\/01\/21.jpg\" alt=\"\" width=\"651\" height=\"555\" \/><\/p>\n<p><img loading=\"lazy\" decoding=\"async\" class=\"size-full wp-image-15175 aligncenter\" src=\"https:\/\/blogs.correiobraziliense.com.br\/servidor\/wp-content\/uploads\/sites\/10\/2020\/01\/31.jpg\" alt=\"\" width=\"647\" height=\"573\" \/><\/p>\n<p>Ainda na compara\u00e7\u00e3o de Macap\u00e1, foi observado que o reajuste da tarifa da capital apresentou uma varia\u00e7\u00e3o de 13,85% entre o valor anterior e o atual (de R$ 3,25 para R$ 3,70) &#8211; sendo, assim, a maior varia\u00e7\u00e3o dentre todos os 26 estados brasileiros e o Distrito Federal. A segunda capital com maior varia\u00e7\u00e3o identificada foi Macei\u00f3 (Alagoas), na qual aumentou o valor da tarifa em 12,33%, passando de R$ 3,65 para R$ 4,10.<\/p>\n<p>Duas capitais tamb\u00e9m se sobressa\u00edram nos ajustes para a redu\u00e7\u00e3o de valores das passagens: Florian\u00f3polis e Bras\u00edlia, respectivamente. De acordo com o levantamento, o valor na capital de Santa Catarina passou de R$ 4,40 para R $4,25 (-3,40%), enquanto a capital do Distrito Federal caiu de R$ 3,85 para R$ 3,80 (-1,30%).<\/p>\n","protected":false},"excerpt":{"rendered":"<p>Levantamento do Cuponation mostra as tarifas de \u00f4nibus de norte a sul O transporte p\u00fablico \u00e9 o meio de locomo\u00e7\u00e3o mais utilizado pela popula\u00e7\u00e3o no Brasil e no mundo. O Cuponation, plataforma de descontos online e integrante da alem\u00e3 Global Savings Group, fez um levantamento para apontar quanto cada capital brasileira cobra pela tarifa e qual estado teve a maior [&hellip;]<\/p>\n","protected":false},"author":27,"featured_media":0,"comment_status":"open","ping_status":"closed","sticky":false,"template":"","format":"standard","meta":{"footnotes":""},"categories":[2719],"tags":[164,3331,6518,6784,56,6223,430,16906,9554,4022,165,8742,4158,12136],"class_list":["post-15172","post","type-post","status-publish","format-standard","hentry","category-servidor","tag-brasil","tag-capitais","tag-cidades","tag-coletivos","tag-estado","tag-locomocao","tag-onibus","tag-passgens","tag-porcentagem","tag-preco","tag-ranking","tag-ticket","tag-transportes","tag-variacao"],"_links":{"self":[{"href":"https:\/\/blogs.correiobraziliense.com.br\/servidor\/wp-json\/wp\/v2\/posts\/15172","targetHints":{"allow":["GET"]}}],"collection":[{"href":"https:\/\/blogs.correiobraziliense.com.br\/servidor\/wp-json\/wp\/v2\/posts"}],"about":[{"href":"https:\/\/blogs.correiobraziliense.com.br\/servidor\/wp-json\/wp\/v2\/types\/post"}],"author":[{"embeddable":true,"href":"https:\/\/blogs.correiobraziliense.com.br\/servidor\/wp-json\/wp\/v2\/users\/27"}],"replies":[{"embeddable":true,"href":"https:\/\/blogs.correiobraziliense.com.br\/servidor\/wp-json\/wp\/v2\/comments?post=15172"}],"version-history":[{"count":1,"href":"https:\/\/blogs.correiobraziliense.com.br\/servidor\/wp-json\/wp\/v2\/posts\/15172\/revisions"}],"predecessor-version":[{"id":15176,"href":"https:\/\/blogs.correiobraziliense.com.br\/servidor\/wp-json\/wp\/v2\/posts\/15172\/revisions\/15176"}],"wp:attachment":[{"href":"https:\/\/blogs.correiobraziliense.com.br\/servidor\/wp-json\/wp\/v2\/media?parent=15172"}],"wp:term":[{"taxonomy":"category","embeddable":true,"href":"https:\/\/blogs.correiobraziliense.com.br\/servidor\/wp-json\/wp\/v2\/categories?post=15172"},{"taxonomy":"post_tag","embeddable":true,"href":"https:\/\/blogs.correiobraziliense.com.br\/servidor\/wp-json\/wp\/v2\/tags?post=15172"}],"curies":[{"name":"wp","href":"https:\/\/api.w.org\/{rel}","templated":true}]}}