{"id":15152,"date":"2020-01-30T13:57:23","date_gmt":"2020-01-30T16:57:23","guid":{"rendered":"https:\/\/blogs.correiobraziliense.com.br\/servidor\/?p=15152"},"modified":"2020-01-30T13:57:23","modified_gmt":"2020-01-30T16:57:23","slug":"reforma-administrativa-vai-prejudicar-populacao-de-baixa-renda","status":"publish","type":"post","link":"https:\/\/blogs.correiobraziliense.com.br\/servidor\/reforma-administrativa-vai-prejudicar-populacao-de-baixa-renda\/","title":{"rendered":"Reforma administrativa vai prejudicar popula\u00e7\u00e3o de baixa renda"},"content":{"rendered":"<p><em>Ant\u00f4nio Corr\u00eaa de Lacerda, presidente do Conselho Federal de Economia (Cofecon), afirma que\u00a0 reforma administrativa tem como consequ\u00eancia pr\u00e1tica o corte de atividades essenciais, como sa\u00fade, educa\u00e7\u00e3o, saneamento, redu\u00e7\u00e3o da capacidade de demanda e impactos negativos no crescimento econ\u00f4mico<\/em><\/p>\n<p>&#8220;O que ocorre \u00e9 a diminui\u00e7\u00e3o do setor p\u00fablico n\u00e3o garante que o dinheiro economizado vai ser usado para o aumento do investimento. A vis\u00e3o do chamado Estado m\u00ednimo e a ojeriza \u00e0 atividade do setor p\u00fablico, a exemplo da crise do INSS, pode trazer s\u00e9rio preju\u00edzos \u00e0 popula\u00e7\u00e3o e a outros setores&#8221;, disse Lacerda.<\/p>\n<p>https:\/\/youtu.be\/IDVaJvAa4o4<\/p>\n<p>&nbsp;<\/p>\n","protected":false},"excerpt":{"rendered":"<p>Ant\u00f4nio Corr\u00eaa de Lacerda, presidente do Conselho Federal de Economia (Cofecon), afirma que\u00a0 reforma administrativa tem como consequ\u00eancia pr\u00e1tica o corte de atividades essenciais, como sa\u00fade, educa\u00e7\u00e3o, saneamento, redu\u00e7\u00e3o da capacidade de demanda e impactos negativos no crescimento econ\u00f4mico &#8220;O que ocorre \u00e9 a diminui\u00e7\u00e3o do setor p\u00fablico n\u00e3o garante que o dinheiro economizado vai ser usado para o aumento [&hellip;]<\/p>\n","protected":false},"author":27,"featured_media":0,"comment_status":"open","ping_status":"closed","sticky":false,"template":"","format":"standard","meta":{"footnotes":""},"categories":[2719],"tags":[463,4714,795,366,1549,2596,6287,48,3348,11,217,15938,3516,616,1489],"class_list":["post-15152","post","type-post","status-publish","format-standard","hentry","category-servidor","tag-atividades","tag-cofecon","tag-crescimento","tag-crise","tag-demanda","tag-economico","tag-economista","tag-educacao","tag-essenciais","tag-inss","tag-investimento","tag-reforma-administrativa","tag-saneamento","tag-saude","tag-setor-publico"],"_links":{"self":[{"href":"https:\/\/blogs.correiobraziliense.com.br\/servidor\/wp-json\/wp\/v2\/posts\/15152","targetHints":{"allow":["GET"]}}],"collection":[{"href":"https:\/\/blogs.correiobraziliense.com.br\/servidor\/wp-json\/wp\/v2\/posts"}],"about":[{"href":"https:\/\/blogs.correiobraziliense.com.br\/servidor\/wp-json\/wp\/v2\/types\/post"}],"author":[{"embeddable":true,"href":"https:\/\/blogs.correiobraziliense.com.br\/servidor\/wp-json\/wp\/v2\/users\/27"}],"replies":[{"embeddable":true,"href":"https:\/\/blogs.correiobraziliense.com.br\/servidor\/wp-json\/wp\/v2\/comments?post=15152"}],"version-history":[{"count":1,"href":"https:\/\/blogs.correiobraziliense.com.br\/servidor\/wp-json\/wp\/v2\/posts\/15152\/revisions"}],"predecessor-version":[{"id":15153,"href":"https:\/\/blogs.correiobraziliense.com.br\/servidor\/wp-json\/wp\/v2\/posts\/15152\/revisions\/15153"}],"wp:attachment":[{"href":"https:\/\/blogs.correiobraziliense.com.br\/servidor\/wp-json\/wp\/v2\/media?parent=15152"}],"wp:term":[{"taxonomy":"category","embeddable":true,"href":"https:\/\/blogs.correiobraziliense.com.br\/servidor\/wp-json\/wp\/v2\/categories?post=15152"},{"taxonomy":"post_tag","embeddable":true,"href":"https:\/\/blogs.correiobraziliense.com.br\/servidor\/wp-json\/wp\/v2\/tags?post=15152"}],"curies":[{"name":"wp","href":"https:\/\/api.w.org\/{rel}","templated":true}]}}