{"id":1515,"date":"2016-04-14T17:55:50","date_gmt":"2016-04-14T20:55:50","guid":{"rendered":"https:\/\/blogs.correiobraziliense.com.br\/servidor\/?p=1515"},"modified":"2016-04-14T17:55:50","modified_gmt":"2016-04-14T20:55:50","slug":"cnj-faz-manutencao-em-sistemas-para-migracao-de-ambiente-de-rede","status":"publish","type":"post","link":"https:\/\/blogs.correiobraziliense.com.br\/servidor\/cnj-faz-manutencao-em-sistemas-para-migracao-de-ambiente-de-rede\/","title":{"rendered":"CNJ FAZ MANUTEN\u00c7\u00c3O EM SISTEMAS PARA MIGRA\u00c7\u00c3O DE AMBIENTE DE REDE"},"content":{"rendered":"<p>O portal do Conselho Nacional de Justi\u00e7a (CNJ) ficar\u00e1 fora do ar de 00h01 deste s\u00e1bado (16\/4) at\u00e9 o meio-dia. O motivo da interrup\u00e7\u00e3o \u00e9 uma mudan\u00e7a necess\u00e1ria no ambiente de banco de dados para que o Departamento de Tecnologia da Informa\u00e7\u00e3o (DTI) fa\u00e7a manuten\u00e7\u00e3o do ambiente computacional do CNJ (migra\u00e7\u00e3o da base de dados do servidor Prata99 para o servidor Prata01, que consolidar\u00e1 as bases de dados MYSQL).<\/p>\n<p>A interrup\u00e7\u00e3o de 12 horas n\u00e3o afetar\u00e1 o funcionamento do Processo Judicial Eletr\u00f4nico (PJe) ou do Escrit\u00f3rio Digital. De acordo com o DTI, os sistemas e servi\u00e7os que podem ser afetados durante esse per\u00edodo s\u00e3o: Banco Nacional de Mandados de Pris\u00e3o (BNMP); Cadastro Nacional de Adolescentes em Conflito com a Lei (CNACL); Sistema Eletr\u00f4nico de Informa\u00e7\u00f5es (SEI); Portal CNJ 2015; Consiafi Dados; Corporativo; Malote Digital; Metas; Moodle; Mutir\u00e3o Carcer\u00e1rio; Owncloud; Precat\u00f3rios; e Serventias.<\/p>\n<p>De acordo com o CNJ, para diminuir os impactos da manuten\u00e7\u00e3o, ser\u00e1 permitido o acesso de leitura \u00e0s bases de dados durante o procedimento de migra\u00e7\u00e3o. Com isso, boa parte dos sistemas que utilizam essas bases continuaram dispon\u00edveis durante a migra\u00e7\u00e3o, mas poder\u00e3o ocorrer algumas instabilidades nesse per\u00edodo.<\/p>\n","protected":false},"excerpt":{"rendered":"<p>O portal do Conselho Nacional de Justi\u00e7a (CNJ) ficar\u00e1 fora do ar de 00h01 deste s\u00e1bado (16\/4) at\u00e9 o meio-dia. O motivo da interrup\u00e7\u00e3o \u00e9 uma mudan\u00e7a necess\u00e1ria no ambiente de banco de dados para que o Departamento de Tecnologia da Informa\u00e7\u00e3o (DTI) fa\u00e7a manuten\u00e7\u00e3o do ambiente computacional do CNJ (migra\u00e7\u00e3o da base de dados do servidor Prata99 para o [&hellip;]<\/p>\n","protected":false},"author":27,"featured_media":0,"comment_status":"open","ping_status":"closed","sticky":false,"template":"","format":"standard","meta":{"footnotes":""},"categories":[1],"tags":[84,206,254,1783,1778,1780,1782,1781,1779],"class_list":["post-1515","post","type-post","status-publish","format-standard","hentry","category-sem-categoria","tag-acesso","tag-ambiente","tag-cnj","tag-leitura","tag-manutencao","tag-migracao","tag-permitido","tag-rede","tag-sistemas"],"_links":{"self":[{"href":"https:\/\/blogs.correiobraziliense.com.br\/servidor\/wp-json\/wp\/v2\/posts\/1515","targetHints":{"allow":["GET"]}}],"collection":[{"href":"https:\/\/blogs.correiobraziliense.com.br\/servidor\/wp-json\/wp\/v2\/posts"}],"about":[{"href":"https:\/\/blogs.correiobraziliense.com.br\/servidor\/wp-json\/wp\/v2\/types\/post"}],"author":[{"embeddable":true,"href":"https:\/\/blogs.correiobraziliense.com.br\/servidor\/wp-json\/wp\/v2\/users\/27"}],"replies":[{"embeddable":true,"href":"https:\/\/blogs.correiobraziliense.com.br\/servidor\/wp-json\/wp\/v2\/comments?post=1515"}],"version-history":[{"count":1,"href":"https:\/\/blogs.correiobraziliense.com.br\/servidor\/wp-json\/wp\/v2\/posts\/1515\/revisions"}],"predecessor-version":[{"id":1516,"href":"https:\/\/blogs.correiobraziliense.com.br\/servidor\/wp-json\/wp\/v2\/posts\/1515\/revisions\/1516"}],"wp:attachment":[{"href":"https:\/\/blogs.correiobraziliense.com.br\/servidor\/wp-json\/wp\/v2\/media?parent=1515"}],"wp:term":[{"taxonomy":"category","embeddable":true,"href":"https:\/\/blogs.correiobraziliense.com.br\/servidor\/wp-json\/wp\/v2\/categories?post=1515"},{"taxonomy":"post_tag","embeddable":true,"href":"https:\/\/blogs.correiobraziliense.com.br\/servidor\/wp-json\/wp\/v2\/tags?post=1515"}],"curies":[{"name":"wp","href":"https:\/\/api.w.org\/{rel}","templated":true}]}}