{"id":15140,"date":"2020-01-29T16:10:38","date_gmt":"2020-01-29T19:10:38","guid":{"rendered":"https:\/\/blogs.correiobraziliense.com.br\/servidor\/?p=15140"},"modified":"2020-01-29T16:10:38","modified_gmt":"2020-01-29T19:10:38","slug":"juiz-das-garantias-anpr-solicita-ingresso-em-julgamento-de-adis","status":"publish","type":"post","link":"https:\/\/blogs.correiobraziliense.com.br\/servidor\/juiz-das-garantias-anpr-solicita-ingresso-em-julgamento-de-adis\/","title":{"rendered":"Juiz das garantias: ANPR solicita ingresso em julgamento de ADIs"},"content":{"rendered":"<p><em>A Associa\u00e7\u00e3o Nacional dos Procuradores da Rep\u00fablica (ANPR) ingressou como amicus curiae em duas A\u00e7\u00f5es Diretas de Inconstitucionalidade (ADI) que contestam a cria\u00e7\u00e3o do juiz das garantias no Supremo Tribunal Federal, nesta quarta-feira (29). A entidade tamb\u00e9m publicou portaria instituindo uma comiss\u00e3o para acompanhar a tramita\u00e7\u00e3o das ADIs e subsidiar manifesta\u00e7\u00f5es<\/em><\/p>\n<p>As solicita\u00e7\u00f5es feitas pela ANPR se referem \u00e0 ADI 6.298, de autoria conjunta da Associa\u00e7\u00e3o dos Magistrados Brasileiros (AMB) e da Associa\u00e7\u00e3o dos Ju\u00edzes Federais do Brasil (Ajufe), e \u00e0 ADI 6.305, da Associa\u00e7\u00e3o Nacional dos Membros do Minist\u00e9rio P\u00fablico (Conamp). Dentro das a\u00e7\u00f5es, a ANPR pretende participar do julgamento que contesta a constitucionalidade especificamente dos artigos 3\u00ba e 20\u00ba da Lei n\u00ba 13.964.<\/p>\n<p>No pedido, a associa\u00e7\u00e3o requer a participa\u00e7\u00e3o em eventual audi\u00eancia p\u00fablica que discuta o tema, al\u00e9m da possibilidade de sustenta\u00e7\u00e3o oral durante o julgamento das a\u00e7\u00f5es no plen\u00e1rio do Supremo. A ANPR aponta v\u00edcios de iniciativa e inconstitucionalidade em artigos espec\u00edficos da legisla\u00e7\u00e3o e contesta a implementa\u00e7\u00e3o do juiz das garantias com prazo ex\u00edguo de implementa\u00e7\u00e3o e sem a devida previs\u00e3o or\u00e7ament\u00e1ria.<\/p>\n<p><em>Comiss\u00e3o de acompanhamento<\/em><br \/>\nA tramita\u00e7\u00e3o das ADIs ser\u00e1 acompanhada por uma comiss\u00e3o de membros do Minist\u00e9rio P\u00fablico Federal. Por meio da Portaria n\u00ba 2 de 2020, a ANPR nomeou os integrantes da comiss\u00e3o. A coordena\u00e7\u00e3o ficar\u00e1 a cargo do diretor jur\u00eddico da entidade, Patrick Salgado Martins. Participam do colegiado a subprocuradora-geral da Rep\u00fablica Luiza Frischeisen e os procuradores regionais da Rep\u00fablica Vladimir Aras e Douglas Fischer.<\/p>\n","protected":false},"excerpt":{"rendered":"<p>A Associa\u00e7\u00e3o Nacional dos Procuradores da Rep\u00fablica (ANPR) ingressou como amicus curiae em duas A\u00e7\u00f5es Diretas de Inconstitucionalidade (ADI) que contestam a cria\u00e7\u00e3o do juiz das garantias no Supremo Tribunal Federal, nesta quarta-feira (29). A entidade tamb\u00e9m publicou portaria instituindo uma comiss\u00e3o para acompanhar a tramita\u00e7\u00e3o das ADIs e subsidiar manifesta\u00e7\u00f5es As solicita\u00e7\u00f5es feitas pela ANPR se referem \u00e0 ADI [&hellip;]<\/p>\n","protected":false},"author":27,"featured_media":0,"comment_status":"open","ping_status":"closed","sticky":false,"template":"","format":"standard","meta":{"footnotes":""},"categories":[2719],"tags":[5516,4959,1150,573,160,16703,1949,2092,1734,1994,1167,468,34],"class_list":["post-15140","post","type-post","status-publish","format-standard","hentry","category-servidor","tag-adi","tag-anpr","tag-comissao","tag-inconstitucionalidade","tag-ingresso","tag-juiz-das-garantias","tag-julgamento","tag-legislacao","tag-manifestacoes","tag-orcamentaria","tag-portaria","tag-previsao","tag-stf"],"_links":{"self":[{"href":"https:\/\/blogs.correiobraziliense.com.br\/servidor\/wp-json\/wp\/v2\/posts\/15140","targetHints":{"allow":["GET"]}}],"collection":[{"href":"https:\/\/blogs.correiobraziliense.com.br\/servidor\/wp-json\/wp\/v2\/posts"}],"about":[{"href":"https:\/\/blogs.correiobraziliense.com.br\/servidor\/wp-json\/wp\/v2\/types\/post"}],"author":[{"embeddable":true,"href":"https:\/\/blogs.correiobraziliense.com.br\/servidor\/wp-json\/wp\/v2\/users\/27"}],"replies":[{"embeddable":true,"href":"https:\/\/blogs.correiobraziliense.com.br\/servidor\/wp-json\/wp\/v2\/comments?post=15140"}],"version-history":[{"count":1,"href":"https:\/\/blogs.correiobraziliense.com.br\/servidor\/wp-json\/wp\/v2\/posts\/15140\/revisions"}],"predecessor-version":[{"id":15142,"href":"https:\/\/blogs.correiobraziliense.com.br\/servidor\/wp-json\/wp\/v2\/posts\/15140\/revisions\/15142"}],"wp:attachment":[{"href":"https:\/\/blogs.correiobraziliense.com.br\/servidor\/wp-json\/wp\/v2\/media?parent=15140"}],"wp:term":[{"taxonomy":"category","embeddable":true,"href":"https:\/\/blogs.correiobraziliense.com.br\/servidor\/wp-json\/wp\/v2\/categories?post=15140"},{"taxonomy":"post_tag","embeddable":true,"href":"https:\/\/blogs.correiobraziliense.com.br\/servidor\/wp-json\/wp\/v2\/tags?post=15140"}],"curies":[{"name":"wp","href":"https:\/\/api.w.org\/{rel}","templated":true}]}}