{"id":1512,"date":"2016-04-14T17:00:00","date_gmt":"2016-04-14T20:00:00","guid":{"rendered":"https:\/\/blogs.correiobraziliense.com.br\/servidor\/?p=1512"},"modified":"2016-04-14T17:00:00","modified_gmt":"2016-04-14T20:00:00","slug":"edina-rocha-lima-assume-secretaria-de-gestao-de-pessoas-e-relacoes-do-trabalho-do-mp","status":"publish","type":"post","link":"https:\/\/blogs.correiobraziliense.com.br\/servidor\/edina-rocha-lima-assume-secretaria-de-gestao-de-pessoas-e-relacoes-do-trabalho-do-mp\/","title":{"rendered":"EDINA ROCHA LIMA ASSUME SECRETARIA DE GEST\u00c3O DE PESSOAS E RELA\u00c7\u00d5ES DO TRABALHO DO MP"},"content":{"rendered":"<h2 class=\"nitfSubtitle\">Ela deixa a condi\u00e7\u00e3o de adjunta para ocupar interinamente o cargo do ex-secret\u00e1rio S\u00e9rgio Mendon\u00e7a<\/h2>\n<p>Confirmando o que j\u00e1 vinha acontecendo na pr\u00e1tica, o Minist\u00e9rio do Planejamento informou que, a partir desta quinta-feira (14), a Secretaria de Gest\u00e3o de Pessoas e Rela\u00e7\u00f5es de Trabalho (Segrt) est\u00e1 sob o comando de Edina Maria Rocha Lima, que exercia a fun\u00e7\u00e3o de secret\u00e1ria-adjunta.<\/p>\n<div align=\"justify\">Ela assume, interinamente, o cargo do secret\u00e1rio S\u00e9rgio Mendon\u00e7a que vai para a presid\u00eancia da Funda\u00e7\u00e3o dos Economi\u00e1rios Federais (Funcef). A mudan\u00e7a foi oficializada com a publica\u00e7\u00e3o das <a class=\"external-link\" title=\"\" href=\"http:\/\/pesquisa.in.gov.br\/imprensa\/jsp\/visualiza\/index.jsp?data=14\/04\/2016&amp;jornal=2&amp;pagina=2&amp;totalArquivos=72\" target=\"_self\">Portarias n\u00ba 369 e 370<\/a> no Di\u00e1rio Oficial da Uni\u00e3o de hoje (14).<\/div>\n<div align=\"justify\"><\/div>\n<div align=\"justify\">Edina est\u00e1 no Minist\u00e9rio do Planejamento desde 2012, quando assumiu a Coordena\u00e7\u00e3o-Geral de Rela\u00e7\u00f5es de Trabalho no Servi\u00e7o P\u00fablico (CGNES). No mesmo ano, passou a ser secret\u00e1ria-adjunta da ent\u00e3o Secretaria de Rela\u00e7\u00f5es de Trabalho no Servi\u00e7o P\u00fablico.<\/div>\n<div align=\"justify\"><\/div>\n<div align=\"justify\">Sempre teve participa\u00e7\u00e3o ativa nos processos de negocia\u00e7\u00e3o junto \u00e0 Mesa Nacional de Negocia\u00e7\u00e3o Permanente do Servi\u00e7o P\u00fablico e conhece, de forma minuciosa, todos os acordos firmados com as entidades sindicais nestes \u00faltimos ciclos de negocia\u00e7\u00f5es.<\/div>\n<div align=\"justify\"><\/div>\n<div align=\"justify\"><b>Curr\u00edculo<\/b><\/div>\n<div align=\"justify\"><\/div>\n<div align=\"justify\">Nascida na cidade de Goi\u00e1s (GO), Edina Rocha Lima \u00e9 graduada em Direito na Faculdade de Direito de S\u00e3o Bernardo do Campos\/SP, com p\u00f3s-gradua\u00e7\u00e3o em Direito do Trabalho na Pontif\u00edcia Cat\u00f3lica de S\u00e3o Paulo (PUC\/SP). Foi professora de Direito na Unip, unidade de Goi\u00e2nia e consultora no Conselho Nacional de Sa\u00fade.<\/div>\n<div align=\"justify\"><\/div>\n<div align=\"justify\">Exerceu por mais de 13 anos atividades em sindicatos de classes de diversas categorias, como Sindicato dos Trabalhadores em Educa\u00e7\u00e3o de Goi\u00e1s, Metal\u00fargicos do ABC, Constru\u00e7\u00e3o Civil e Mobili\u00e1rios de S\u00e3o Bernardo do Campo, Servidores P\u00fablicos Municipais e Aut\u00e1rquicos de S\u00e3o Bernardo do Campo e Santo Andr\u00e9.<\/div>\n","protected":false},"excerpt":{"rendered":"<p>Ela deixa a condi\u00e7\u00e3o de adjunta para ocupar interinamente o cargo do ex-secret\u00e1rio S\u00e9rgio Mendon\u00e7a Confirmando o que j\u00e1 vinha acontecendo na pr\u00e1tica, o Minist\u00e9rio do Planejamento informou que, a partir desta quinta-feira (14), a Secretaria de Gest\u00e3o de Pessoas e Rela\u00e7\u00f5es de Trabalho (Segrt) est\u00e1 sob o comando de Edina Maria Rocha Lima, que exercia a fun\u00e7\u00e3o de secret\u00e1ria-adjunta. [&hellip;]<\/p>\n","protected":false},"author":27,"featured_media":0,"comment_status":"open","ping_status":"closed","sticky":false,"template":"","format":"standard","meta":{"footnotes":""},"categories":[1],"tags":[1362,1776,1775,1020,1483,336,1777],"class_list":["post-1512","post","type-post","status-publish","format-standard","hentry","category-sem-categoria","tag-assume","tag-comando","tag-edina-lima","tag-funcef","tag-segrt","tag-sergio-mendonca","tag-substitui"],"_links":{"self":[{"href":"https:\/\/blogs.correiobraziliense.com.br\/servidor\/wp-json\/wp\/v2\/posts\/1512","targetHints":{"allow":["GET"]}}],"collection":[{"href":"https:\/\/blogs.correiobraziliense.com.br\/servidor\/wp-json\/wp\/v2\/posts"}],"about":[{"href":"https:\/\/blogs.correiobraziliense.com.br\/servidor\/wp-json\/wp\/v2\/types\/post"}],"author":[{"embeddable":true,"href":"https:\/\/blogs.correiobraziliense.com.br\/servidor\/wp-json\/wp\/v2\/users\/27"}],"replies":[{"embeddable":true,"href":"https:\/\/blogs.correiobraziliense.com.br\/servidor\/wp-json\/wp\/v2\/comments?post=1512"}],"version-history":[{"count":1,"href":"https:\/\/blogs.correiobraziliense.com.br\/servidor\/wp-json\/wp\/v2\/posts\/1512\/revisions"}],"predecessor-version":[{"id":1513,"href":"https:\/\/blogs.correiobraziliense.com.br\/servidor\/wp-json\/wp\/v2\/posts\/1512\/revisions\/1513"}],"wp:attachment":[{"href":"https:\/\/blogs.correiobraziliense.com.br\/servidor\/wp-json\/wp\/v2\/media?parent=1512"}],"wp:term":[{"taxonomy":"category","embeddable":true,"href":"https:\/\/blogs.correiobraziliense.com.br\/servidor\/wp-json\/wp\/v2\/categories?post=1512"},{"taxonomy":"post_tag","embeddable":true,"href":"https:\/\/blogs.correiobraziliense.com.br\/servidor\/wp-json\/wp\/v2\/tags?post=1512"}],"curies":[{"name":"wp","href":"https:\/\/api.w.org\/{rel}","templated":true}]}}