{"id":151,"date":"2015-03-27T11:21:00","date_gmt":"2015-03-27T14:21:00","guid":{"rendered":"https:\/\/blogs.correiobraziliense.com.br\/servidor\/governo_federal_pede_aos_caminhoneiros_prazo_ate_22_de_abril\/"},"modified":"2015-03-27T11:21:00","modified_gmt":"2015-03-27T14:21:00","slug":"governo_federal_pede_aos_caminhoneiros_prazo_ate_22_de_abril","status":"publish","type":"post","link":"https:\/\/blogs.correiobraziliense.com.br\/servidor\/governo_federal_pede_aos_caminhoneiros_prazo_ate_22_de_abril\/","title":{"rendered":"GOVERNO FEDERAL PEDE AOS CAMINHONEIROS PRAZO AT\u00c9 22 DE ABRIL"},"content":{"rendered":"<p> O tema principal da audi\u00eancia foi o reajuste da tabela de  frete, um dos pontos dos caminhoneiros. <\/p>\n<p>Ap\u00f3s quatro horas de reuni\u00e3o entre o diretor-geral da Ag\u00eancia Nacional de  Transportes Terrestres (ANTT), Jorge Bastos, e os ministros da Secretaria Geral  da Presid\u00eancia da Rep\u00fablica, Transportes, Cidades e Trabalho com representantes  de transportadores e embarcadores nesta quinta-feira (26\/3), o governo federal  pediu prazo at\u00e9 22 de abril para estudar a pauta de reivindica\u00e7\u00f5es da  categoria.&nbsp;&nbsp;&nbsp;&nbsp;&nbsp;&nbsp;&nbsp;  <\/p>\n<p>O tema principal da audi\u00eancia foi o reajuste da tabela de  frete, um dos pontos dos caminhoneiros.O deputado federal Osmar Terra (PMDB-RS), relator da Comiss\u00e3o Externa da C\u00e2mara  Federal encarregada de acompanhar a paralisa\u00e7\u00e3o dos Caminhoneiros, avaliou que a  reuni\u00e3o poderia ter progredido mais:&nbsp;&nbsp;&nbsp;&nbsp;&nbsp;&nbsp;&nbsp;  <\/p>\n<p>&#8220;A quest\u00e3o da tabela de frete  m\u00ednimo \u00e9 um assunto de alta prioridade, pois se trata de leis de mercado, al\u00e9m de  possibilitar a\u00e7\u00f5es no Poder Judici\u00e1rio. O que devemos insistir \u00e9 no cr\u00e9dito  subsidiado de R$ 50 mil, pelo BNDES, com juro reduzido para capital de giro dos  caminhoneiros. Outro ponto fundamental \u00e9 a retirada do imposto incidente no \u00f3leo  diesel e sua transfer\u00eancia para outro setor como CSLL (Contribui\u00e7\u00e3o Social sobre  Lucro L\u00edquido) ou IOF (Imposto sobre Opera\u00e7\u00f5es Financeiras)&#8221;, disse.&nbsp;&nbsp;&nbsp;&nbsp;&nbsp;&nbsp;&nbsp;  <\/p>\n<p>A data  de 22 de abril est\u00e1 dentro do prazo de 45 dias pedido pelo Poder Executivo, no come\u00e7o  das negocia\u00e7\u00f5es, em 10 de mar\u00e7o.<br style=\"font-style: italic\">Bras\u00edlia, 11h21min   <\/p>\n","protected":false},"excerpt":{"rendered":"<p>O tema principal da audi\u00eancia foi o reajuste da tabela de frete, um dos pontos dos caminhoneiros. Ap\u00f3s quatro horas de reuni\u00e3o entre o diretor-geral da Ag\u00eancia Nacional de Transportes Terrestres (ANTT), Jorge Bastos, e os ministros da Secretaria Geral da Presid\u00eancia da Rep\u00fablica, Transportes, Cidades e Trabalho com representantes de transportadores e embarcadores nesta quinta-feira (26\/3), o governo federal [&hellip;]<\/p>\n","protected":false},"author":27,"featured_media":0,"comment_status":"open","ping_status":"open","sticky":false,"template":"","format":"standard","meta":{"footnotes":""},"categories":[1],"tags":[],"class_list":["post-151","post","type-post","status-publish","format-standard","hentry","category-sem-categoria"],"_links":{"self":[{"href":"https:\/\/blogs.correiobraziliense.com.br\/servidor\/wp-json\/wp\/v2\/posts\/151","targetHints":{"allow":["GET"]}}],"collection":[{"href":"https:\/\/blogs.correiobraziliense.com.br\/servidor\/wp-json\/wp\/v2\/posts"}],"about":[{"href":"https:\/\/blogs.correiobraziliense.com.br\/servidor\/wp-json\/wp\/v2\/types\/post"}],"author":[{"embeddable":true,"href":"https:\/\/blogs.correiobraziliense.com.br\/servidor\/wp-json\/wp\/v2\/users\/27"}],"replies":[{"embeddable":true,"href":"https:\/\/blogs.correiobraziliense.com.br\/servidor\/wp-json\/wp\/v2\/comments?post=151"}],"version-history":[{"count":0,"href":"https:\/\/blogs.correiobraziliense.com.br\/servidor\/wp-json\/wp\/v2\/posts\/151\/revisions"}],"wp:attachment":[{"href":"https:\/\/blogs.correiobraziliense.com.br\/servidor\/wp-json\/wp\/v2\/media?parent=151"}],"wp:term":[{"taxonomy":"category","embeddable":true,"href":"https:\/\/blogs.correiobraziliense.com.br\/servidor\/wp-json\/wp\/v2\/categories?post=151"},{"taxonomy":"post_tag","embeddable":true,"href":"https:\/\/blogs.correiobraziliense.com.br\/servidor\/wp-json\/wp\/v2\/tags?post=151"}],"curies":[{"name":"wp","href":"https:\/\/api.w.org\/{rel}","templated":true}]}}