{"id":15094,"date":"2020-01-24T16:28:31","date_gmt":"2020-01-24T19:28:31","guid":{"rendered":"https:\/\/blogs.correiobraziliense.com.br\/servidor\/?p=15094"},"modified":"2020-01-24T16:28:31","modified_gmt":"2020-01-24T19:28:31","slug":"infraero-orientacoes-da-anvisa-sobre-o-coronavirus","status":"publish","type":"post","link":"https:\/\/blogs.correiobraziliense.com.br\/servidor\/infraero-orientacoes-da-anvisa-sobre-o-coronavirus\/","title":{"rendered":"Infraero: Orienta\u00e7\u00f5es da Anvisa sobre o coronav\u00edrus"},"content":{"rendered":"<div><em>Os aeroportos da Infraero come\u00e7aram a veicular hoje (24\/1) o aviso sonoro da Ag\u00eancia Nacional de Vigil\u00e2ncia Sanit\u00e1ria (Anvisa) sobre\u00a0o conorav\u00edrus. A mensagem, de um minuto, alerta sobre os sintomas da doen\u00e7a e informa sobre medidas para evitar a transmiss\u00e3o da virose.\u00a0<\/em><\/div>\n<div>\nConfira <span id=\"OBJ_PREFIX_DWT110_com_zimbra_url\" class=\"Object\" role=\"link\"><span id=\"OBJ_PREFIX_DWT120_com_zimbra_url\" class=\"Object\" role=\"link\"><a href=\"http:\/\/www4.infraero.gov.br\/imprensa\/noticias\/orientacoes-da-anvisa-sobre-o-coronavirus\/\" target=\"_blank\" rel=\"nofollow noopener noreferrer\"><b>aqui<\/b><\/a><\/span><\/span> o alerta da Anvisa nos aeroportos da Infraero.<\/p>\n<div><\/div>\n<p>Outras orienta\u00e7\u00f5es sobre quest\u00f5es relacionadas ao coronav\u00edrus podem ser\u00a0<strong><span id=\"OBJ_PREFIX_DWT111_com_zimbra_url\" class=\"Object\" role=\"link\"><span id=\"OBJ_PREFIX_DWT121_com_zimbra_url\" class=\"Object\" role=\"link\"><a href=\"http:\/\/portal.anvisa.gov.br\/noticias\/-\/asset_publisher\/FXrpx9qY7FbU\/content\/coronavirus-entenda-a-doenca\/219201?p_p_auth=4KNws8gh&amp;inheritRedirect=false&amp;redirect=http%3A%2F%2Fportal.anvisa.gov.br%2Fnoticias%3Fp_p_auth%3D4KNws8gh%26p_p_id%3D101_INSTANCE_FXrpx9qY7FbU%26p_p_lifecycle%3D0%26p_p_state%3Dnormal%26p_p_mode%3Dview%26p_p_col_id%3D_118_INSTANCE_KzfwbqagUNdE__column-1%26p_p_col_count%3D1\" target=\"_blank\" rel=\"nofollow noopener noreferrer\">obtidas no site da Anvisa<\/a><\/span><\/span>.<\/strong><\/div>\n","protected":false},"excerpt":{"rendered":"<p>Os aeroportos da Infraero come\u00e7aram a veicular hoje (24\/1) o aviso sonoro da Ag\u00eancia Nacional de Vigil\u00e2ncia Sanit\u00e1ria (Anvisa) sobre\u00a0o conorav\u00edrus. A mensagem, de um minuto, alerta sobre os sintomas da doen\u00e7a e informa sobre medidas para evitar a transmiss\u00e3o da virose.\u00a0 Confira aqui o alerta da Anvisa nos aeroportos da Infraero. Outras orienta\u00e7\u00f5es sobre quest\u00f5es relacionadas ao coronav\u00edrus podem [&hellip;]<\/p>\n","protected":false},"author":27,"featured_media":0,"comment_status":"open","ping_status":"closed","sticky":false,"template":"","format":"standard","meta":{"footnotes":""},"categories":[2719],"tags":[603,138,1850,16851,3685,2343,2671,12533,4817,16852],"class_list":["post-15094","post","type-post","status-publish","format-standard","hentry","category-servidor","tag-aeroportos","tag-alerta","tag-anvisa","tag-conavirus","tag-doenca","tag-infraero","tag-orientacoes","tag-sintomas","tag-transmissao","tag-virose"],"_links":{"self":[{"href":"https:\/\/blogs.correiobraziliense.com.br\/servidor\/wp-json\/wp\/v2\/posts\/15094","targetHints":{"allow":["GET"]}}],"collection":[{"href":"https:\/\/blogs.correiobraziliense.com.br\/servidor\/wp-json\/wp\/v2\/posts"}],"about":[{"href":"https:\/\/blogs.correiobraziliense.com.br\/servidor\/wp-json\/wp\/v2\/types\/post"}],"author":[{"embeddable":true,"href":"https:\/\/blogs.correiobraziliense.com.br\/servidor\/wp-json\/wp\/v2\/users\/27"}],"replies":[{"embeddable":true,"href":"https:\/\/blogs.correiobraziliense.com.br\/servidor\/wp-json\/wp\/v2\/comments?post=15094"}],"version-history":[{"count":1,"href":"https:\/\/blogs.correiobraziliense.com.br\/servidor\/wp-json\/wp\/v2\/posts\/15094\/revisions"}],"predecessor-version":[{"id":15095,"href":"https:\/\/blogs.correiobraziliense.com.br\/servidor\/wp-json\/wp\/v2\/posts\/15094\/revisions\/15095"}],"wp:attachment":[{"href":"https:\/\/blogs.correiobraziliense.com.br\/servidor\/wp-json\/wp\/v2\/media?parent=15094"}],"wp:term":[{"taxonomy":"category","embeddable":true,"href":"https:\/\/blogs.correiobraziliense.com.br\/servidor\/wp-json\/wp\/v2\/categories?post=15094"},{"taxonomy":"post_tag","embeddable":true,"href":"https:\/\/blogs.correiobraziliense.com.br\/servidor\/wp-json\/wp\/v2\/tags?post=15094"}],"curies":[{"name":"wp","href":"https:\/\/api.w.org\/{rel}","templated":true}]}}