{"id":15090,"date":"2020-01-24T16:13:44","date_gmt":"2020-01-24T19:13:44","guid":{"rendered":"https:\/\/blogs.correiobraziliense.com.br\/servidor\/?p=15090"},"modified":"2020-01-24T16:13:44","modified_gmt":"2020-01-24T19:13:44","slug":"adcap-inss-nos-correios-por-que-nao","status":"publish","type":"post","link":"https:\/\/blogs.correiobraziliense.com.br\/servidor\/adcap-inss-nos-correios-por-que-nao\/","title":{"rendered":"Adcap &#8211; INSS nos Correios? Por que n\u00e3o?"},"content":{"rendered":"<p><em>A Associa\u00e7\u00e3o dos Profissionais dos Correios (Adcap) sugere que a crise no INSS poderia ser amenizada se o governo lan\u00e7asse m\u00e3o da infraestrutura da autarquia<\/em><\/p>\n<p>Veja a nota:<\/p>\n<p>&#8220;O governo federal poderia amenizar logo a situa\u00e7\u00e3o do INSS se lan\u00e7asse m\u00e3o de uma infraestrutura que lhe pertence e que est\u00e1 presente em todo o pa\u00eds \u2013 os Correios.<br \/>\nAs ag\u00eancias postais j\u00e1 foram utilizadas com sucesso no passado para apoiar o INSS, inclusive pagando aposentadorias rurais.<\/p>\n<p>A utiliza\u00e7\u00e3o das ag\u00eancias dos Correios n\u00e3o exclui outras possibilidades de enfrentamento da fila de solicita\u00e7\u00f5es acumulada no INSS, como mulir\u00f5es envolvendo militares e civis, mas tem uma grande vantagem: a rede de ag\u00eancias dos Correios est\u00e1 pronta e funcionando, em todo o Brasil.<\/p>\n<p>Se quiser, o governo federal pode comprovar facilmente como funciona o apoio dos Correios a \u00f3rg\u00e3os p\u00fablicos &#8211; o \u201dBalc\u00e3o do Cidad\u00e3o\u201d &#8211; conversando com o Governador Ronaldo Caiado, que firmou parceria para ampliar e interiorizar a presta\u00e7\u00e3o dos servi\u00e7os p\u00fablicos em seu Estado utilizando as ag\u00eancias postais.&#8221;<\/p>\n","protected":false},"excerpt":{"rendered":"<p>A Associa\u00e7\u00e3o dos Profissionais dos Correios (Adcap) sugere que a crise no INSS poderia ser amenizada se o governo lan\u00e7asse m\u00e3o da infraestrutura da autarquia Veja a nota: &#8220;O governo federal poderia amenizar logo a situa\u00e7\u00e3o do INSS se lan\u00e7asse m\u00e3o de uma infraestrutura que lhe pertence e que est\u00e1 presente em todo o pa\u00eds \u2013 os Correios. As ag\u00eancias [&hellip;]<\/p>\n","protected":false},"author":27,"featured_media":0,"comment_status":"open","ping_status":"closed","sticky":false,"template":"","format":"standard","meta":{"footnotes":""},"categories":[2719],"tags":[5181,20,366,487,11],"class_list":["post-15090","post","type-post","status-publish","format-standard","hentry","category-servidor","tag-adcap","tag-correios","tag-crise","tag-infraestrutura","tag-inss"],"_links":{"self":[{"href":"https:\/\/blogs.correiobraziliense.com.br\/servidor\/wp-json\/wp\/v2\/posts\/15090","targetHints":{"allow":["GET"]}}],"collection":[{"href":"https:\/\/blogs.correiobraziliense.com.br\/servidor\/wp-json\/wp\/v2\/posts"}],"about":[{"href":"https:\/\/blogs.correiobraziliense.com.br\/servidor\/wp-json\/wp\/v2\/types\/post"}],"author":[{"embeddable":true,"href":"https:\/\/blogs.correiobraziliense.com.br\/servidor\/wp-json\/wp\/v2\/users\/27"}],"replies":[{"embeddable":true,"href":"https:\/\/blogs.correiobraziliense.com.br\/servidor\/wp-json\/wp\/v2\/comments?post=15090"}],"version-history":[{"count":1,"href":"https:\/\/blogs.correiobraziliense.com.br\/servidor\/wp-json\/wp\/v2\/posts\/15090\/revisions"}],"predecessor-version":[{"id":15091,"href":"https:\/\/blogs.correiobraziliense.com.br\/servidor\/wp-json\/wp\/v2\/posts\/15090\/revisions\/15091"}],"wp:attachment":[{"href":"https:\/\/blogs.correiobraziliense.com.br\/servidor\/wp-json\/wp\/v2\/media?parent=15090"}],"wp:term":[{"taxonomy":"category","embeddable":true,"href":"https:\/\/blogs.correiobraziliense.com.br\/servidor\/wp-json\/wp\/v2\/categories?post=15090"},{"taxonomy":"post_tag","embeddable":true,"href":"https:\/\/blogs.correiobraziliense.com.br\/servidor\/wp-json\/wp\/v2\/tags?post=15090"}],"curies":[{"name":"wp","href":"https:\/\/api.w.org\/{rel}","templated":true}]}}