{"id":15070,"date":"2020-01-22T20:56:19","date_gmt":"2020-01-22T23:56:19","guid":{"rendered":"https:\/\/blogs.correiobraziliense.com.br\/servidor\/?p=15070"},"modified":"2020-01-22T20:56:19","modified_gmt":"2020-01-22T23:56:19","slug":"nota-da-amb-sobre-a-decisao-do-ministro-luiz-fux-para-juiz-das-garantias","status":"publish","type":"post","link":"https:\/\/blogs.correiobraziliense.com.br\/servidor\/nota-da-amb-sobre-a-decisao-do-ministro-luiz-fux-para-juiz-das-garantias\/","title":{"rendered":"Nota da AMB sobre a decis\u00e3o do ministro Luiz Fux para juiz das garantias"},"content":{"rendered":"<p><em>A Associa\u00e7\u00e3o dos Magistrados Brasileiros (AMB) comemora a decis\u00e3o do Supremo Tribunal Federal e destacou que &#8220;essa \u00e9 mais uma demonstra\u00e7\u00e3o de que a magistratura brasileira \u00e9 imparcial e que a Constitui\u00e7\u00e3o e a lei atual j\u00e1 asseguram a isen\u00e7\u00e3o dos julgamentos&#8221;<\/em><\/p>\n<p>Veja a nota:<\/p>\n<p>&#8220;A Associa\u00e7\u00e3o dos Magistrados Brasileiros (AMB) sa\u00fada a decis\u00e3o do ministro Luiz Fux, do Supremo Tribunal Federal (STF), de atender o pleito feito pela pr\u00f3pria AMB de suspender liminarmente a legisla\u00e7\u00e3o que visa a introduzir no pa\u00eds uma nova figura no sistema jur\u00eddico, que seria o juiz de garantias.<\/p>\n<p>Essa \u00e9 mais uma demonstra\u00e7\u00e3o de que a magistratura brasileira \u00e9 imparcial e que a Constitui\u00e7\u00e3o e a lei atual j\u00e1 asseguram a isen\u00e7\u00e3o dos julgamentos.<\/p>\n<p>A magistratura brasileira reitera seu compromisso com a sociedade. Cumprimos nosso papel de defender a Constitui\u00e7\u00e3o Federal, que estabelece o princ\u00edpio da unicidade e do juiz natural, garantindo \u00e0s partes do processo a m\u00e1xima transpar\u00eancia quanto aos reais respons\u00e1veis pelo julgamento das a\u00e7\u00f5es.<\/p>\n<p>Renata Gil, presidente da AMB&#8221;<\/p>\n","protected":false},"excerpt":{"rendered":"<p>A Associa\u00e7\u00e3o dos Magistrados Brasileiros (AMB) comemora a decis\u00e3o do Supremo Tribunal Federal e destacou que &#8220;essa \u00e9 mais uma demonstra\u00e7\u00e3o de que a magistratura brasileira \u00e9 imparcial e que a Constitui\u00e7\u00e3o e a lei atual j\u00e1 asseguram a isen\u00e7\u00e3o dos julgamentos&#8221; Veja a nota: &#8220;A Associa\u00e7\u00e3o dos Magistrados Brasileiros (AMB) sa\u00fada a decis\u00e3o do ministro Luiz Fux, do Supremo [&hellip;]<\/p>\n","protected":false},"author":27,"featured_media":0,"comment_status":"open","ping_status":"closed","sticky":false,"template":"","format":"standard","meta":{"footnotes":""},"categories":[2719],"tags":[13623,2584,16703,16828,621,2323,37,34],"class_list":["post-15070","post","type-post","status-publish","format-standard","hentry","category-servidor","tag-amp","tag-constituicao","tag-juiz-das-garantias","tag-luiz-fux","tag-magistrados","tag-magistratura","tag-nota","tag-stf"],"_links":{"self":[{"href":"https:\/\/blogs.correiobraziliense.com.br\/servidor\/wp-json\/wp\/v2\/posts\/15070","targetHints":{"allow":["GET"]}}],"collection":[{"href":"https:\/\/blogs.correiobraziliense.com.br\/servidor\/wp-json\/wp\/v2\/posts"}],"about":[{"href":"https:\/\/blogs.correiobraziliense.com.br\/servidor\/wp-json\/wp\/v2\/types\/post"}],"author":[{"embeddable":true,"href":"https:\/\/blogs.correiobraziliense.com.br\/servidor\/wp-json\/wp\/v2\/users\/27"}],"replies":[{"embeddable":true,"href":"https:\/\/blogs.correiobraziliense.com.br\/servidor\/wp-json\/wp\/v2\/comments?post=15070"}],"version-history":[{"count":1,"href":"https:\/\/blogs.correiobraziliense.com.br\/servidor\/wp-json\/wp\/v2\/posts\/15070\/revisions"}],"predecessor-version":[{"id":15071,"href":"https:\/\/blogs.correiobraziliense.com.br\/servidor\/wp-json\/wp\/v2\/posts\/15070\/revisions\/15071"}],"wp:attachment":[{"href":"https:\/\/blogs.correiobraziliense.com.br\/servidor\/wp-json\/wp\/v2\/media?parent=15070"}],"wp:term":[{"taxonomy":"category","embeddable":true,"href":"https:\/\/blogs.correiobraziliense.com.br\/servidor\/wp-json\/wp\/v2\/categories?post=15070"},{"taxonomy":"post_tag","embeddable":true,"href":"https:\/\/blogs.correiobraziliense.com.br\/servidor\/wp-json\/wp\/v2\/tags?post=15070"}],"curies":[{"name":"wp","href":"https:\/\/api.w.org\/{rel}","templated":true}]}}