{"id":15066,"date":"2020-01-22T18:52:52","date_gmt":"2020-01-22T21:52:52","guid":{"rendered":"https:\/\/blogs.correiobraziliense.com.br\/servidor\/?p=15066"},"modified":"2020-01-22T18:54:12","modified_gmt":"2020-01-22T21:54:12","slug":"governo-discutira-com-servidores-a-contratacao-de-militares-no-dia-28","status":"publish","type":"post","link":"https:\/\/blogs.correiobraziliense.com.br\/servidor\/governo-discutira-com-servidores-a-contratacao-de-militares-no-dia-28\/","title":{"rendered":"Governo discutir\u00e1 com servidores a contrata\u00e7\u00e3o de militares, no dia 28"},"content":{"rendered":"<p><em>Quinze dias ap\u00f3s o an\u00fancio do governo sobre a contrata\u00e7\u00e3o de sete mil militares para o INSS, o presidente do \u00f3rg\u00e3o, Renato Vieira, e representantes do Minist\u00e9rio da Economia, pela primeira vez, v\u00e3o ouvir a opini\u00e3o dos servidores da autarquia<\/em><\/p>\n<p>O encontro foi marcado para ter\u00e7a-feira, 28 de janeiro, \u00e0s 16 horas, com o objetivo de tratar do tema\u00a0\u201cgest\u00e3o do Instituto Nacional do Seguro Social &#8211; INSS\u201d. A reuni\u00e3o ser\u00e1 na\u00a0sede do INSS, no Setor de\u00a0Autarquias Sul \u2013 SAS, Quadra 02, Bloco O \u2013 10\u00ba andar, Bras\u00edlia-DF.<\/p>\n<p>Al\u00e9m de\u00a0Renato Vieira, participar\u00e3o, pelo Minist\u00e9rio da Economia, Bruno Bianco, secret\u00e1rio especial Adjunto de Previd\u00eancia e Trabalho,\u00a0Leonardo Rolim, secret\u00e1rio de Pol\u00edticas da Previd\u00eancia, e representantes da Confedera\u00e7\u00e3o Nacional dos Trabalhadores em Seguridade Social (CNTSS) e da\u00a0Federa\u00e7\u00e3o Nacional dos Sindicatos de Trabalhadores em Sa\u00fade, Trabalho, Previd\u00eancia e Assist\u00eancia Social (Fenasps).<\/p>\n<p>&#8220;Vamos mostrar a eles que o INSS n\u00e3o precisa de militares inexperientes. A melhor sa\u00edda para a crise no atendimento dos cidad\u00e3os mais pobres \u00e9 absorver o pessoal da Dataprev, que j\u00e1 domina as t\u00e9cnicas da Previd\u00eancia, chamar os pr\u00f3prios aposentados do INSS, ou convocar os excedentes do \u00faltimo concurso, cerca de tr\u00eas mil pessoas&#8221;, explicou Sandro Alex de Oliveira Cezar, presidente da CNTSS.<\/p>\n<p>Para o dirigente, o governo somente come\u00e7ou a pensar em recuar da estrat\u00e9gia de usar o pessoal da caserna, ap\u00f3s o\u00a0Minist\u00e9rio P\u00fablico, no Tribunal de Contas da Uni\u00e3o (TCU), entrar com\u00a0 pedido de medida para suspender o recrutamento militares da reserva das For\u00e7as Armadas como solu\u00e7\u00e3o para a fila de 1,3 milh\u00e3o de pedidos por benef\u00edcios sem an\u00e1lise h\u00e1 mais de 45 dias. Para o MP-TCU, a iniciativa do governo\u00a0viola a Constitui\u00e7\u00e3o, por n\u00e3o prever concurso p\u00fablico, no entender do subprocurador-geral do MP-TCU, Lucas Rocha Furtado.<\/p>\n","protected":false},"excerpt":{"rendered":"<p>Quinze dias ap\u00f3s o an\u00fancio do governo sobre a contrata\u00e7\u00e3o de sete mil militares para o INSS, o presidente do \u00f3rg\u00e3o, Renato Vieira, e representantes do Minist\u00e9rio da Economia, pela primeira vez, v\u00e3o ouvir a opini\u00e3o dos servidores da autarquia O encontro foi marcado para ter\u00e7a-feira, 28 de janeiro, \u00e0s 16 horas, com o objetivo de tratar do tema\u00a0\u201cgest\u00e3o do [&hellip;]<\/p>\n","protected":false},"author":27,"featured_media":0,"comment_status":"open","ping_status":"closed","sticky":false,"template":"","format":"standard","meta":{"footnotes":""},"categories":[2719],"tags":[852,3098,2584,172,520,3096,11,51,16827,702,58],"class_list":["post-15066","post","type-post","status-publish","format-standard","hentry","category-servidor","tag-beneficios","tag-caserna","tag-constituicao","tag-contratacao","tag-fila","tag-forcas-armadas","tag-inss","tag-militares","tag-mp-tcu","tag-reserva","tag-servidores"],"_links":{"self":[{"href":"https:\/\/blogs.correiobraziliense.com.br\/servidor\/wp-json\/wp\/v2\/posts\/15066","targetHints":{"allow":["GET"]}}],"collection":[{"href":"https:\/\/blogs.correiobraziliense.com.br\/servidor\/wp-json\/wp\/v2\/posts"}],"about":[{"href":"https:\/\/blogs.correiobraziliense.com.br\/servidor\/wp-json\/wp\/v2\/types\/post"}],"author":[{"embeddable":true,"href":"https:\/\/blogs.correiobraziliense.com.br\/servidor\/wp-json\/wp\/v2\/users\/27"}],"replies":[{"embeddable":true,"href":"https:\/\/blogs.correiobraziliense.com.br\/servidor\/wp-json\/wp\/v2\/comments?post=15066"}],"version-history":[{"count":3,"href":"https:\/\/blogs.correiobraziliense.com.br\/servidor\/wp-json\/wp\/v2\/posts\/15066\/revisions"}],"predecessor-version":[{"id":15069,"href":"https:\/\/blogs.correiobraziliense.com.br\/servidor\/wp-json\/wp\/v2\/posts\/15066\/revisions\/15069"}],"wp:attachment":[{"href":"https:\/\/blogs.correiobraziliense.com.br\/servidor\/wp-json\/wp\/v2\/media?parent=15066"}],"wp:term":[{"taxonomy":"category","embeddable":true,"href":"https:\/\/blogs.correiobraziliense.com.br\/servidor\/wp-json\/wp\/v2\/categories?post=15066"},{"taxonomy":"post_tag","embeddable":true,"href":"https:\/\/blogs.correiobraziliense.com.br\/servidor\/wp-json\/wp\/v2\/tags?post=15066"}],"curies":[{"name":"wp","href":"https:\/\/api.w.org\/{rel}","templated":true}]}}