{"id":15060,"date":"2020-01-22T16:32:19","date_gmt":"2020-01-22T19:32:19","guid":{"rendered":"https:\/\/blogs.correiobraziliense.com.br\/servidor\/?p=15060"},"modified":"2020-01-22T16:34:53","modified_gmt":"2020-01-22T19:34:53","slug":"pgfn-autoriza-bndes-a-vender-participacao-na-dataprev","status":"publish","type":"post","link":"https:\/\/blogs.correiobraziliense.com.br\/servidor\/pgfn-autoriza-bndes-a-vender-participacao-na-dataprev\/","title":{"rendered":"PGFN autoriza BNDES a vender participa\u00e7\u00e3o na Dataprev"},"content":{"rendered":"<p><em>Como desdobramento do Decreto n\u00ba 10.199, de 15 de janeiro, que qualifica a Dataprev para privatiza\u00e7\u00e3o, foi publicada, no Di\u00e1rio Oficial da Uni\u00e3o (DOU) de hoje (22), a Portaria N\u00ba 1.675 da Procuradoria Geral da Fazenda Nacional (PGFN), delegando compet\u00eancia ao presidente do BNDES para vender a participa\u00e7\u00e3o da Uni\u00e3o no capital social da Dataprev<\/em><\/p>\n<p>O documento \u00e9 assinado por Jos\u00e9 Levi Mello do Amaral J\u00fanior, procurador-geral da Fazenda, com o objetivo de &#8220;delegar compet\u00eancia ao Presidente da empresa p\u00fablica federal BANCO NACIONAL DE DESENVOLVIMENTO ECON\u00d4MICO E SOCIAL &#8211; BNDES, para, na qualidade de gestor do Fundo Nacional de Desestatiza\u00e7\u00e3o, alienar a participa\u00e7\u00e3o acion\u00e1ria da Uni\u00e3o no capital social da Empresa de Tecnologia e Informa\u00e7\u00f5es da Previd\u00eancia &#8211; DATAPREV, nas condi\u00e7\u00f5es aprovadas pelo Conselho do Programa de Parcerias de Investimentos da Presid\u00eancia da Rep\u00fablica, de acordo com o disposto na Lei n\u00ba 13.334, de 13 de setembro de 2016, e Decreto n\u00ba 2.594, de 15 de maio de 1998, podendo, para esse fim, praticar todos os atos necess\u00e1rios, na forma da legisla\u00e7\u00e3o em vigor.&#8221;<\/p>\n<p>Veja a publica\u00e7\u00e3o no DOU:<\/p>\n<p>http:\/\/www.in.gov.br\/en\/web\/dou\/-\/portaria-n-1.675-de-20-de-janeiro-de-2020-239181264<\/p>\n<p>&nbsp;<\/p>\n","protected":false},"excerpt":{"rendered":"<p>Como desdobramento do Decreto n\u00ba 10.199, de 15 de janeiro, que qualifica a Dataprev para privatiza\u00e7\u00e3o, foi publicada, no Di\u00e1rio Oficial da Uni\u00e3o (DOU) de hoje (22), a Portaria N\u00ba 1.675 da Procuradoria Geral da Fazenda Nacional (PGFN), delegando compet\u00eancia ao presidente do BNDES para vender a participa\u00e7\u00e3o da Uni\u00e3o no capital social da Dataprev O documento \u00e9 assinado por [&hellip;]<\/p>\n","protected":false},"author":27,"featured_media":0,"comment_status":"open","ping_status":"closed","sticky":false,"template":"","format":"standard","meta":{"footnotes":""},"categories":[2719],"tags":[6827,2739,1463,8105,16825,1008,1120,284,16826,330],"class_list":["post-15060","post","type-post","status-publish","format-standard","hentry","category-servidor","tag-acionaria","tag-bndes","tag-capital","tag-dataprev","tag-decreto-10-199-2020","tag-investimentos","tag-participacao","tag-pgfn","tag-portaria-1-675-2020","tag-uniao"],"_links":{"self":[{"href":"https:\/\/blogs.correiobraziliense.com.br\/servidor\/wp-json\/wp\/v2\/posts\/15060","targetHints":{"allow":["GET"]}}],"collection":[{"href":"https:\/\/blogs.correiobraziliense.com.br\/servidor\/wp-json\/wp\/v2\/posts"}],"about":[{"href":"https:\/\/blogs.correiobraziliense.com.br\/servidor\/wp-json\/wp\/v2\/types\/post"}],"author":[{"embeddable":true,"href":"https:\/\/blogs.correiobraziliense.com.br\/servidor\/wp-json\/wp\/v2\/users\/27"}],"replies":[{"embeddable":true,"href":"https:\/\/blogs.correiobraziliense.com.br\/servidor\/wp-json\/wp\/v2\/comments?post=15060"}],"version-history":[{"count":3,"href":"https:\/\/blogs.correiobraziliense.com.br\/servidor\/wp-json\/wp\/v2\/posts\/15060\/revisions"}],"predecessor-version":[{"id":15064,"href":"https:\/\/blogs.correiobraziliense.com.br\/servidor\/wp-json\/wp\/v2\/posts\/15060\/revisions\/15064"}],"wp:attachment":[{"href":"https:\/\/blogs.correiobraziliense.com.br\/servidor\/wp-json\/wp\/v2\/media?parent=15060"}],"wp:term":[{"taxonomy":"category","embeddable":true,"href":"https:\/\/blogs.correiobraziliense.com.br\/servidor\/wp-json\/wp\/v2\/categories?post=15060"},{"taxonomy":"post_tag","embeddable":true,"href":"https:\/\/blogs.correiobraziliense.com.br\/servidor\/wp-json\/wp\/v2\/tags?post=15060"}],"curies":[{"name":"wp","href":"https:\/\/api.w.org\/{rel}","templated":true}]}}