{"id":15055,"date":"2020-01-23T00:01:04","date_gmt":"2020-01-23T03:01:04","guid":{"rendered":"https:\/\/blogs.correiobraziliense.com.br\/servidor\/?p=15055"},"modified":"2020-01-22T14:06:16","modified_gmt":"2020-01-22T17:06:16","slug":"trabalhadores-so-terao-ganho-real-a-partir-de-abril","status":"publish","type":"post","link":"https:\/\/blogs.correiobraziliense.com.br\/servidor\/trabalhadores-so-terao-ganho-real-a-partir-de-abril\/","title":{"rendered":"Trabalhadores s\u00f3 ter\u00e3o ganho real a partir de abril"},"content":{"rendered":"<p><em>O Balan\u00e7o de 2019 do \u00cdndice Salari\u00f4metro, da Funda\u00e7\u00e3o Instituto de Pesquisas Econ\u00f4micas (Fipe), aponta que, entre as perspectivas para 2020,, a conquista de poss\u00edvel ganho real (raro no ano de 2019) para os trabalhadores da iniciativa privada\u00a0 &#8220;deve voltar apenas a partir de abril&#8221;<\/em><\/p>\n<p>No resumo do ano passado, o estudo admite que o custo de vida atingiu com for\u00e7a os sal\u00e1rios e corroeu os ganhos, pois houve &#8220;mais infla\u00e7\u00e3o e menos reajuste real&#8221;. Prova disso foi que apenas 49,4% das negocia\u00e7\u00f5es, no ano passado, resultaram em reajustes reais. Em 2018, essa propor\u00e7\u00e3o foi 75,5%. &#8220;Entre as 49 categorias existentes, apenas 25 conseguiram algum aumento real&#8221;, informa o Salari\u00f4metro.<\/p>\n<p><img loading=\"lazy\" decoding=\"async\" class=\"alignright size-large wp-image-15056\" src=\"https:\/\/blogs.correiobraziliense.com.br\/servidor\/wp-content\/uploads\/sites\/10\/2020\/01\/slari\u00f4metro-1024x664.png\" alt=\"\" width=\"1024\" height=\"664\" \/><\/p>\n<p>A propor\u00e7\u00e3o de reajuste abaixo da infla\u00e7\u00e3o media pelo \u00cdndice Nacional de Pre\u00e7os ao Consumidor (INPC), em 2018, foi 9,9% em todas as negocia\u00e7\u00f5es salariais no pa\u00eds. Em 2019, chegou a 25%. Os reajustes iguais ao INPC estavam em\u00a014,6%, e subiram para 25,6%. Enquanto os ganhos acima da infla\u00e7\u00e3o despencaram: ocorreram em\u00a075,5%, das negocia\u00e7\u00f5es salariais, em 2019, e somente em 49,4% delas, em 2019. O piso m\u00e9dio salarial cresceu de R$ 1.183 para R$ 1.218,l no per\u00edodo. E os acordos com\u00a0\u00a0redu\u00e7\u00e3o de jornada e sal\u00e1rio baixaram de 58 para 23.<\/p>\n<p>&#8220;Nas 27 unidades da federa\u00e7\u00e3o, apenas 12 registraram reajustes reais. As pautas mais negociadas no ano foram reajuste salarial, contribui\u00e7\u00f5es sindicais e piso salarial&#8221;. No entanto, refor\u00e7a o levantamento, &#8220;reajustes menores foram compensados por benef\u00edcios maiores (alimenta\u00e7\u00e3o e adicional de hora-extra) e\u00a0avan\u00e7os no banco de horas&#8221;. Por outro lado, em 2019, prosseguiu a recupera\u00e7\u00e3o na atividade negocial. &#8220;A quantidade de negocia\u00e7\u00f5es conclu\u00eddas atingiu a\u00a0propor\u00e7\u00e3o de 84,4% do volume anterior \u00e0 reforma trabalhista.\u00a0Perspectivas para 2020: reajuste real deve voltar apenas a partir de abril&#8221;, de acordo com o estudo.<\/p>\n","protected":false},"excerpt":{"rendered":"<p>O Balan\u00e7o de 2019 do \u00cdndice Salari\u00f4metro, da Funda\u00e7\u00e3o Instituto de Pesquisas Econ\u00f4micas (Fipe), aponta que, entre as perspectivas para 2020,, a conquista de poss\u00edvel ganho real (raro no ano de 2019) para os trabalhadores da iniciativa privada\u00a0 &#8220;deve voltar apenas a partir de abril&#8221; No resumo do ano passado, o estudo admite que o custo de vida atingiu com [&hellip;]<\/p>\n","protected":false},"author":27,"featured_media":0,"comment_status":"open","ping_status":"closed","sticky":false,"template":"","format":"standard","meta":{"footnotes":""},"categories":[2719],"tags":[16824,12747,803,13148,4002,3730,240,9673,690,239,19],"class_list":["post-15055","post","type-post","status-publish","format-standard","hentry","category-servidor","tag-balnco","tag-boletim-salariometro","tag-categorias","tag-custo-de-vida","tag-fipe","tag-ganho","tag-inflacao","tag-iniciativa-privada","tag-reajustes","tag-real","tag-trabalhadores"],"_links":{"self":[{"href":"https:\/\/blogs.correiobraziliense.com.br\/servidor\/wp-json\/wp\/v2\/posts\/15055","targetHints":{"allow":["GET"]}}],"collection":[{"href":"https:\/\/blogs.correiobraziliense.com.br\/servidor\/wp-json\/wp\/v2\/posts"}],"about":[{"href":"https:\/\/blogs.correiobraziliense.com.br\/servidor\/wp-json\/wp\/v2\/types\/post"}],"author":[{"embeddable":true,"href":"https:\/\/blogs.correiobraziliense.com.br\/servidor\/wp-json\/wp\/v2\/users\/27"}],"replies":[{"embeddable":true,"href":"https:\/\/blogs.correiobraziliense.com.br\/servidor\/wp-json\/wp\/v2\/comments?post=15055"}],"version-history":[{"count":1,"href":"https:\/\/blogs.correiobraziliense.com.br\/servidor\/wp-json\/wp\/v2\/posts\/15055\/revisions"}],"predecessor-version":[{"id":15057,"href":"https:\/\/blogs.correiobraziliense.com.br\/servidor\/wp-json\/wp\/v2\/posts\/15055\/revisions\/15057"}],"wp:attachment":[{"href":"https:\/\/blogs.correiobraziliense.com.br\/servidor\/wp-json\/wp\/v2\/media?parent=15055"}],"wp:term":[{"taxonomy":"category","embeddable":true,"href":"https:\/\/blogs.correiobraziliense.com.br\/servidor\/wp-json\/wp\/v2\/categories?post=15055"},{"taxonomy":"post_tag","embeddable":true,"href":"https:\/\/blogs.correiobraziliense.com.br\/servidor\/wp-json\/wp\/v2\/tags?post=15055"}],"curies":[{"name":"wp","href":"https:\/\/api.w.org\/{rel}","templated":true}]}}