{"id":15032,"date":"2020-01-21T11:34:56","date_gmt":"2020-01-21T14:34:56","guid":{"rendered":"https:\/\/blogs.correiobraziliense.com.br\/servidor\/?p=15032"},"modified":"2020-01-21T11:34:56","modified_gmt":"2020-01-21T14:34:56","slug":"brasileiros-querem-melhora-na-saude-publica-e-combate-ao-desemprego-em-2020","status":"publish","type":"post","link":"https:\/\/blogs.correiobraziliense.com.br\/servidor\/brasileiros-querem-melhora-na-saude-publica-e-combate-ao-desemprego-em-2020\/","title":{"rendered":"Brasileiros querem melhora na sa\u00fade p\u00fablica e combate ao desemprego em 2020"},"content":{"rendered":"<p><em>Pesquisa CNDL\/SPC Brasil aponta que 45% dos entrevistados t\u00eam percep\u00e7\u00e3o de que economia est\u00e1 retomando o crescimento e 42% acreditam que ofertas de emprego devem aumentar. Com a reforma da Previd\u00eancia aprovada, 64% j\u00e1 pensam em alternativas para complementar aposentadoria<\/em><\/p>\n<p>Levantamento em todas as capitais da Confedera\u00e7\u00e3o Nacional de Dirigentes Lojistas (CNDL) e do Servi\u00e7o de Prote\u00e7\u00e3o ao Cr\u00e9dito (SPC Brasil) mostra que a melhora da sa\u00fade p\u00fablica (39%) e o combate ao desemprego (39%) s\u00e3o, pra os consumidores brasileiros, os principais problemas a serem enfrentados este ano para a retomada do crescimento econ\u00f4mico. O ranking de temas que merecem a aten\u00e7\u00e3o em 2020 \u00e9 seguido por investimentos em educa\u00e7\u00e3o (38%), combate \u00e0 corrup\u00e7\u00e3o (25%), combate \u00e0 viol\u00eancia (20%) e controle da infla\u00e7\u00e3o (18%), al\u00e9m da diminui\u00e7\u00e3o de impostos (18%).<\/p>\n<p>As \u00e1reas que mais devem registrar avan\u00e7os neste ano, segundo a percep\u00e7\u00e3o dos entrevistados, s\u00e3o a cria\u00e7\u00e3o de vagas de emprego (42% acreditam que ir\u00e1 aumentar), o combate \u00e0 infla\u00e7\u00e3o (35% acreditam que ela ir\u00e1 reduzir) e a diminui\u00e7\u00e3o da inadimpl\u00eancia (32% acreditam que ir\u00e1 reduzir). Por outro lado, os consumidores avaliam que algumas \u00e1reas n\u00e3o devem evoluir, como a melhora da renda e sal\u00e1rio, que para 43% seguir\u00e3o estagnados, e os investimentos em sa\u00fade, que para 42% n\u00e3o ir\u00e3o se alterar.<\/p>\n<p>Embora a retomada do ambiente econ\u00f4mico ainda aconte\u00e7a em ritmo gradual, os brasileiros est\u00e3o, em algum grau, otimistas com o cen\u00e1rio para 2020. De acordo com a pesquisam, 45% dos entrevistados t\u00eam a percep\u00e7\u00e3o de que a economia vem se recuperando, embora 37% avaliam que essa retomada acontece de forma lenta e apenas 8% de maneira acelerada. J\u00e1 31% n\u00e3o percebem sinais de crescimento e 17% acham que a situa\u00e7\u00e3o est\u00e1 piorando. Outros 7% n\u00e3o sabem avaliar.<\/p>\n<p>Na avalia\u00e7\u00e3o do presidente do SPC Brasil, Roque Pellizzaro Junior, o que se espera \u00e9 que os setores de com\u00e9rcio e servi\u00e7os voltem a empregar, fazendo o dinheiro circular novamente. \u201cAlguns avan\u00e7os foram percebidos durante o primeiro ano da gest\u00e3o do novo governo, como a reforma da previd\u00eancia, mas h\u00e1 muitos desafios a serem enfrentados, principalmente diante do alto \u00edndice de desemprego no pa\u00eds\u201d, afirma.<\/p>\n<p><strong>66% dos entrevistados consideram reforma tribut\u00e1ria necess\u00e1ria; 32% est\u00e3o otimistas com impactos da reforma da previd\u00eancia na economia<\/strong><\/p>\n<p>Na avalia\u00e7\u00e3o dos entrevistados, a aprova\u00e7\u00e3o das reformas estruturais deve melhorar o ambiente econ\u00f4mico do pa\u00eds. Para 66% dos brasileiros, a reforma tribut\u00e1ria, que prev\u00ea a reestrutura\u00e7\u00e3o do sistema de cobran\u00e7a dos impostos no Brasil, \u00e9 necess\u00e1ria. Assim como a reforma administrativa (58%), que contempla a revis\u00e3o de sal\u00e1rios do funcionalismo p\u00fablico e o fim da estabilidade. Outra medida importante para os entrevistados \u00e9 a chamada \u2018PEC Emergencial\u201d (57%), que prop\u00f5e a cria\u00e7\u00e3o mecanismos de redu\u00e7\u00e3o dos gastos p\u00fablicos quando sa\u00edrem do controle.<\/p>\n<p>Para a economista-chefe do SPC Brasil, Marcela Kawauti, a maioria dos brasileiros sente que a arrecada\u00e7\u00e3o de impostos n\u00e3o se reflete de maneira justa em benef\u00edcios sociais, assim como os pr\u00f3prios empres\u00e1rios. \u201cA carga tribut\u00e1ria avan\u00e7ou muito nas \u00faltimas d\u00e9cadas e a sensa\u00e7\u00e3o \u00e9 de que n\u00e3o h\u00e1 retorno em servi\u00e7os p\u00fablicos de qualidade. N\u00e3o bastasse o peso da carga, as empresas enfrentam uma burocracia enorme para ficar em dia com o Fisco, o que afugenta investimentos e prejudica a competitividade na ind\u00fastria, nos servi\u00e7os e nos demais setores produtivos\u201d, pondera Marcela.<\/p>\n<p>Dentre os entrevistados que defendem a reforma tribut\u00e1ria, 38% justificam que sua aprova\u00e7\u00e3o poder\u00e1 reduzir a burocracia no pagamento de impostos e melhorar a quest\u00e3o fiscal no pa\u00eds (36%). Outros 36% acreditam que a reforma vai estimular o consumo e o dinheiro circulante na economia, enquanto 32% acham que deve reduzir a sonega\u00e7\u00e3o de impostos.<\/p>\n<p>De forma geral, a maioria das pessoas ouvidas acredita que as novas reformas propostas pelo governo t\u00eam chances de serem aprovadas, principalmente a abertura ao com\u00e9rcio internacional (60%) e as privatiza\u00e7\u00f5es e concess\u00f5es (59%).<\/p>\n<p>O levantamento ainda revela que sete em cada dez (68%) entrevistados avaliam que a recente reforma da previd\u00eancia foi necess\u00e1ria. Com a sua aprova\u00e7\u00e3o, 32% mostram-se mais otimistas em rela\u00e7\u00e3o \u00e0 retomada do crescimento econ\u00f4mico, enquanto 31% est\u00e3o indiferentes por n\u00e3o achar que a reforma traga grandes mudan\u00e7as e 26% disseram estar pessimistas.<\/p>\n<p>E com a reforma da Previd\u00eancia aprovada, muitos brasileiros j\u00e1 repensaram o seu futuro. A maioria (64%) dos entrevistados disse que pretende adotar alguma medida para garantir ou complementar a aposentadoria oficial, sendo que 37% planejam continuar trabalhando e 34% querem guardar dinheiro, seja por meio de uma previd\u00eancia privada ou por outros tipos de investimento. J\u00e1 18% n\u00e3o pretendem adotar algum tipo de alternativa.<\/p>\n<p><strong>Metodologia<\/strong><\/p>\n<p>Foram entrevistadas 600 pessoas de ambos os sexos e acima de 18 anos, de todas as classes sociais, em todas as regi\u00f5es brasileiras. A margem de erro \u00e9 de 4,0 pontos percentuais para um intervalo de confian\u00e7a a 95%. Baixe a \u00edntegra da pesquisa em https:\/\/www.spcbrasil.org.br\/pesquisas<\/p>\n","protected":false},"excerpt":{"rendered":"<p>Pesquisa CNDL\/SPC Brasil aponta que 45% dos entrevistados t\u00eam percep\u00e7\u00e3o de que economia est\u00e1 retomando o crescimento e 42% acreditam que ofertas de emprego devem aumentar. Com a reforma da Previd\u00eancia aprovada, 64% j\u00e1 pensam em alternativas para complementar aposentadoria Levantamento em todas as capitais da Confedera\u00e7\u00e3o Nacional de Dirigentes Lojistas (CNDL) e do Servi\u00e7o de Prote\u00e7\u00e3o ao Cr\u00e9dito (SPC [&hellip;]<\/p>\n","protected":false},"author":27,"featured_media":0,"comment_status":"open","ping_status":"closed","sticky":false,"template":"","format":"standard","meta":{"footnotes":""},"categories":[2719],"tags":[6,734,13524,205,795,2293,88,48,197,2770,240,9727,12193,13267,4427],"class_list":["post-15032","post","type-post","status-publish","format-standard","hentry","category-servidor","tag-aposentadoria","tag-brasileiros","tag-cndlspc-brasil","tag-corrupcao","tag-crescimento","tag-desemprego","tag-economia","tag-educacao","tag-emprego","tag-impostos","tag-inflacao","tag-reforma-da-previdencia","tag-reforma-tributaria","tag-saude-publica","tag-violencia"],"_links":{"self":[{"href":"https:\/\/blogs.correiobraziliense.com.br\/servidor\/wp-json\/wp\/v2\/posts\/15032","targetHints":{"allow":["GET"]}}],"collection":[{"href":"https:\/\/blogs.correiobraziliense.com.br\/servidor\/wp-json\/wp\/v2\/posts"}],"about":[{"href":"https:\/\/blogs.correiobraziliense.com.br\/servidor\/wp-json\/wp\/v2\/types\/post"}],"author":[{"embeddable":true,"href":"https:\/\/blogs.correiobraziliense.com.br\/servidor\/wp-json\/wp\/v2\/users\/27"}],"replies":[{"embeddable":true,"href":"https:\/\/blogs.correiobraziliense.com.br\/servidor\/wp-json\/wp\/v2\/comments?post=15032"}],"version-history":[{"count":1,"href":"https:\/\/blogs.correiobraziliense.com.br\/servidor\/wp-json\/wp\/v2\/posts\/15032\/revisions"}],"predecessor-version":[{"id":15033,"href":"https:\/\/blogs.correiobraziliense.com.br\/servidor\/wp-json\/wp\/v2\/posts\/15032\/revisions\/15033"}],"wp:attachment":[{"href":"https:\/\/blogs.correiobraziliense.com.br\/servidor\/wp-json\/wp\/v2\/media?parent=15032"}],"wp:term":[{"taxonomy":"category","embeddable":true,"href":"https:\/\/blogs.correiobraziliense.com.br\/servidor\/wp-json\/wp\/v2\/categories?post=15032"},{"taxonomy":"post_tag","embeddable":true,"href":"https:\/\/blogs.correiobraziliense.com.br\/servidor\/wp-json\/wp\/v2\/tags?post=15032"}],"curies":[{"name":"wp","href":"https:\/\/api.w.org\/{rel}","templated":true}]}}