{"id":1500,"date":"2016-04-14T11:17:34","date_gmt":"2016-04-14T14:17:34","guid":{"rendered":"https:\/\/blogs.correiobraziliense.com.br\/servidor\/?p=1500"},"modified":"2016-04-14T11:17:34","modified_gmt":"2016-04-14T14:17:34","slug":"suspenso-lancamento-da-frente-parlamentar-em-defesa-dos-servicos-publicos","status":"publish","type":"post","link":"https:\/\/blogs.correiobraziliense.com.br\/servidor\/suspenso-lancamento-da-frente-parlamentar-em-defesa-dos-servicos-publicos\/","title":{"rendered":"SUSPENSO LAN\u00c7AMENTO DA FRENTE PARLAMENTAR EM DEFESA DOS SERVI\u00c7OS P\u00daBLICOS"},"content":{"rendered":"<p>O p<span style=\"font-family: Utopia,sans-serif\"><span style=\"font-size: small\">residente da C\u00e2mara, deputado Eduardo Cunha, suspendeu de \u00faltima hora a solenidade, que aconteceria \u00e0s 10 horas no audit\u00f3rio Nereu Ramos. \u201cEle j\u00e1 tinha oficializado e cedido o espa\u00e7o. Mas ontem \u00e0 noite recebemos a informa\u00e7\u00e3o de que n\u00e3o estava mais autorizado. Tivemos que mudar nossa agenda\u201d, explicou S\u00e9rgio Ronaldo da Silva,secret\u00e1rio-geral da Confedera\u00e7\u00e3o Nacional dos Trabalhadores no Servi\u00e7o P\u00fablico Federal (Condsef). Dessa forma, os atos de protesto referentes ao Dia Nacional de Luta est\u00e1 acontecendo em frente ao Minist\u00e9rio da Fazenda. \u00c0s 15 horas, haver\u00e1 uma reuni\u00e3o ampliada do F\u00f3rum de Entidades do Servi\u00e7o P\u00fablico Federal (Fonasefe) para decidir os novos rumos do movimento contra o PLP 257\/2016.<\/span><\/span><\/p>\n","protected":false},"excerpt":{"rendered":"<p>O presidente da C\u00e2mara, deputado Eduardo Cunha, suspendeu de \u00faltima hora a solenidade, que aconteceria \u00e0s 10 horas no audit\u00f3rio Nereu Ramos. \u201cEle j\u00e1 tinha oficializado e cedido o espa\u00e7o. Mas ontem \u00e0 noite recebemos a informa\u00e7\u00e3o de que n\u00e3o estava mais autorizado. Tivemos que mudar nossa agenda\u201d, explicou S\u00e9rgio Ronaldo da Silva,secret\u00e1rio-geral da Confedera\u00e7\u00e3o Nacional dos Trabalhadores no Servi\u00e7o [&hellip;]<\/p>\n","protected":false},"author":27,"featured_media":0,"comment_status":"open","ping_status":"closed","sticky":false,"template":"","format":"standard","meta":{"footnotes":""},"categories":[1],"tags":[1748,1317,1747],"class_list":["post-1500","post","type-post","status-publish","format-standard","hentry","category-sem-categoria","tag-frente-parlamentar-em-defesa-dos-servicos-publicos","tag-lancamento","tag-suspenso"],"_links":{"self":[{"href":"https:\/\/blogs.correiobraziliense.com.br\/servidor\/wp-json\/wp\/v2\/posts\/1500","targetHints":{"allow":["GET"]}}],"collection":[{"href":"https:\/\/blogs.correiobraziliense.com.br\/servidor\/wp-json\/wp\/v2\/posts"}],"about":[{"href":"https:\/\/blogs.correiobraziliense.com.br\/servidor\/wp-json\/wp\/v2\/types\/post"}],"author":[{"embeddable":true,"href":"https:\/\/blogs.correiobraziliense.com.br\/servidor\/wp-json\/wp\/v2\/users\/27"}],"replies":[{"embeddable":true,"href":"https:\/\/blogs.correiobraziliense.com.br\/servidor\/wp-json\/wp\/v2\/comments?post=1500"}],"version-history":[{"count":1,"href":"https:\/\/blogs.correiobraziliense.com.br\/servidor\/wp-json\/wp\/v2\/posts\/1500\/revisions"}],"predecessor-version":[{"id":1501,"href":"https:\/\/blogs.correiobraziliense.com.br\/servidor\/wp-json\/wp\/v2\/posts\/1500\/revisions\/1501"}],"wp:attachment":[{"href":"https:\/\/blogs.correiobraziliense.com.br\/servidor\/wp-json\/wp\/v2\/media?parent=1500"}],"wp:term":[{"taxonomy":"category","embeddable":true,"href":"https:\/\/blogs.correiobraziliense.com.br\/servidor\/wp-json\/wp\/v2\/categories?post=1500"},{"taxonomy":"post_tag","embeddable":true,"href":"https:\/\/blogs.correiobraziliense.com.br\/servidor\/wp-json\/wp\/v2\/tags?post=1500"}],"curies":[{"name":"wp","href":"https:\/\/api.w.org\/{rel}","templated":true}]}}