{"id":14985,"date":"2020-01-16T19:13:03","date_gmt":"2020-01-16T22:13:03","guid":{"rendered":"https:\/\/blogs.correiobraziliense.com.br\/servidor\/?p=14985"},"modified":"2020-01-16T19:24:44","modified_gmt":"2020-01-16T22:24:44","slug":"rj-lava-jato-pede-prisao-preventiva-de-colaborador-que-descumpriu-acordo-de-colaboracao-premiada","status":"publish","type":"post","link":"https:\/\/blogs.correiobraziliense.com.br\/servidor\/rj-lava-jato-pede-prisao-preventiva-de-colaborador-que-descumpriu-acordo-de-colaboracao-premiada\/","title":{"rendered":"RJ: Lava Jato pede pris\u00e3o preventiva de colaborador que descumpriu acordo de colabora\u00e7\u00e3o premiada"},"content":{"rendered":"<p><em>Opera\u00e7\u00e3o Tu Quoque, nesta quinta-feira, prendeu colaborador que continuou cometendo crimes ap\u00f3s fechar acordo com a Justi\u00e7a.\u00a0O preso estava com viagem programada para os Estados Unidos e embarcaria hoje, 16 de janeiro.\u00a0Com o rompimento do acordo, ele perde o direito a todos os benef\u00edcios. Cesar Romero, ex-secret\u00e1rio estadual de Sa\u00fade, delatou\u00a0 detalhes do esquema de desvios de recursos durante a gest\u00e3o do ex-governador S\u00e9rgio Cabral<\/em><\/p>\n<p>O Minist\u00e9rio P\u00fablico Federal (MPF) e a Pol\u00edcia Federal (PF) cumpriram, nesta quinta-feira (16), mandado de pris\u00e3o preventiva contra colaborador que descumpriu o acordo de colabora\u00e7\u00e3o premiada e continuou cometendo crimes ap\u00f3s fechar o ato com a Justi\u00e7a. Al\u00e9m da pris\u00e3o, foi cumprido mandado de busca e apreens\u00e3o no endere\u00e7o profissional do colaborador, e os seus celulares e computador foram encaminhados para a per\u00edcia da PF. O preso estava com viagem programada para os Estados Unidos e embarcaria hoje, 16 de janeiro.<\/p>\n<p>O acordo dela\u00e7\u00e3o premiada de Cesar Romero foi homologado pelo juiz federal Marcelo Bretas, da 7\u00aa Vara Federal do Rio de Janeiro, em mar\u00e7o de 2017, e levou \u00e0 deflagra\u00e7\u00e3o da \u201cOpera\u00e7\u00e3o Fatura Exposta\u201d e diversas investiga\u00e7\u00f5es de crimes na \u00e1rea da sa\u00fade, como as Opera\u00e7\u00f5es Resson\u00e2ncia e SOS, al\u00e9m de casos na Justi\u00e7a Estadual do Rio de Janeiro e do Distrito Federal (Opera\u00e7\u00e3o Conex\u00e3o Bras\u00edlia).<\/p>\n<p>Com a celebra\u00e7\u00e3o de um novo acordo de colabora\u00e7\u00e3o, o MPF recebeu provas de que o colaborador anterior violou o dever de sigilo durante as tratativas do acordo, tendo negociado o recebimento de valores de outros investigados, por n\u00e3o ter reportado \u00e0s autoridades os crimes nos quais estes estariam envolvidos.<\/p>\n<p>Para o MPF, as condutas do colaborador justificam n\u00e3o s\u00f3 o rompimento do acordo, como tamb\u00e9m configuram o crime de obstru\u00e7\u00e3o de justi\u00e7a (art. 2\u00aa, \u00a71\u00ba, da Lei n\u00ba 12850\/2013).<\/p>\n<p><strong>Rescis\u00e3o do acordo<\/strong><\/p>\n<p>&#8220;O acordo celebrado entre as partes n\u00e3o condiciona a n\u00e3o postula\u00e7\u00e3o de medidas cautelares em desfavor do colaborador \u00e0 conclus\u00e3o de processo de rescis\u00e3o do acordo, mas apenas \u00e0 exist\u00eancia de \u2018motivo de rescis\u00e3o\u2019. Com efeito, o que se prev\u00ea, e assim n\u00e3o poderia ser diferente, \u00e9 que, caso haja motivos para a rescis\u00e3o do acordo, o MPF poder\u00e1 postular medidas cautelares em desfavor do colaborador\u201d, explicam os procuradores da For\u00e7a-Tarefa.<\/p>\n<p>Com o rompimento do acordo, o colaborador perder\u00e1 o direito a todos os benef\u00edcios, mantendo-se v\u00e1lidas as provas produzidas.<\/p>\n","protected":false},"excerpt":{"rendered":"<p>Opera\u00e7\u00e3o Tu Quoque, nesta quinta-feira, prendeu colaborador que continuou cometendo crimes ap\u00f3s fechar acordo com a Justi\u00e7a.\u00a0O preso estava com viagem programada para os Estados Unidos e embarcaria hoje, 16 de janeiro.\u00a0Com o rompimento do acordo, ele perde o direito a todos os benef\u00edcios. Cesar Romero, ex-secret\u00e1rio estadual de Sa\u00fade, delatou\u00a0 detalhes do esquema de desvios de recursos durante a [&hellip;]<\/p>\n","protected":false},"author":27,"featured_media":0,"comment_status":"open","ping_status":"closed","sticky":false,"template":"","format":"standard","meta":{"footnotes":""},"categories":[2719],"tags":[112,852,16780,1642,260,1838,453,16781,319,104,754,6984],"class_list":["post-14985","post","type-post","status-publish","format-standard","hentry","category-servidor","tag-acordo","tag-beneficios","tag-cooperacao-premiada","tag-crimes","tag-justica","tag-ministerio-publico-federal","tag-mpf","tag-operacao-tu-quoque","tag-pf","tag-policia-federal","tag-rio-de-janeiro","tag-viagem"],"_links":{"self":[{"href":"https:\/\/blogs.correiobraziliense.com.br\/servidor\/wp-json\/wp\/v2\/posts\/14985","targetHints":{"allow":["GET"]}}],"collection":[{"href":"https:\/\/blogs.correiobraziliense.com.br\/servidor\/wp-json\/wp\/v2\/posts"}],"about":[{"href":"https:\/\/blogs.correiobraziliense.com.br\/servidor\/wp-json\/wp\/v2\/types\/post"}],"author":[{"embeddable":true,"href":"https:\/\/blogs.correiobraziliense.com.br\/servidor\/wp-json\/wp\/v2\/users\/27"}],"replies":[{"embeddable":true,"href":"https:\/\/blogs.correiobraziliense.com.br\/servidor\/wp-json\/wp\/v2\/comments?post=14985"}],"version-history":[{"count":4,"href":"https:\/\/blogs.correiobraziliense.com.br\/servidor\/wp-json\/wp\/v2\/posts\/14985\/revisions"}],"predecessor-version":[{"id":14989,"href":"https:\/\/blogs.correiobraziliense.com.br\/servidor\/wp-json\/wp\/v2\/posts\/14985\/revisions\/14989"}],"wp:attachment":[{"href":"https:\/\/blogs.correiobraziliense.com.br\/servidor\/wp-json\/wp\/v2\/media?parent=14985"}],"wp:term":[{"taxonomy":"category","embeddable":true,"href":"https:\/\/blogs.correiobraziliense.com.br\/servidor\/wp-json\/wp\/v2\/categories?post=14985"},{"taxonomy":"post_tag","embeddable":true,"href":"https:\/\/blogs.correiobraziliense.com.br\/servidor\/wp-json\/wp\/v2\/tags?post=14985"}],"curies":[{"name":"wp","href":"https:\/\/api.w.org\/{rel}","templated":true}]}}