{"id":14971,"date":"2020-01-16T11:39:48","date_gmt":"2020-01-16T14:39:48","guid":{"rendered":"https:\/\/blogs.correiobraziliense.com.br\/servidor\/?p=14971"},"modified":"2020-01-16T11:50:52","modified_gmt":"2020-01-16T14:50:52","slug":"receita-pode-enfrentar-o-mesmo-problema-do-inss-de-falta-de-servidores-diz-associacao","status":"publish","type":"post","link":"https:\/\/blogs.correiobraziliense.com.br\/servidor\/receita-pode-enfrentar-o-mesmo-problema-do-inss-de-falta-de-servidores-diz-associacao\/","title":{"rendered":"Receita pode enfrentar o mesmo problema do INSS de falta de servidores, diz associa\u00e7\u00e3o"},"content":{"rendered":"<p><em>A conta n\u00e3o fecha, segundo levantamento da Associa\u00e7\u00e3o Nacional dos Auditores Fiscais da Receita Federal do Brasil (Anfip). Estudo da entidade aponta que a fiscaliza\u00e7\u00e3o tribut\u00e1ria est\u00e1 prestes a enfrentar grave crise institucional, a exemplo do que hoje ocorre no INSS. Houve uma perda de mais um ter\u00e7o do quadro funcional especializado em uma d\u00e9cada<\/em><\/p>\n<p>Com a miss\u00e3o de exercer a administra\u00e7\u00e3o tribut\u00e1ria e aduaneira, os auditores fiscais fiscalizam e co\u00edbem a sonega\u00e7\u00e3o fiscal, a lavagem de dinheiro, o contrabando, o descaminho, entre outros crimes, que afetam diretamente as fun\u00e7\u00f5es do Estado e, consequentemente, penalizam a popula\u00e7\u00e3o.<\/p>\n<p>Contudo, para esse trabalho em todo o pa\u00eds, o Minist\u00e9rio da Economia conta atualmente com 16.908 servidores das carreiras de Auditoria Fiscal da Receita Federal e do Trabalho \u2013 dado referente a novembro de 2019. Houve uma perda de mais um ter\u00e7o do quadro funcional especializado em uma d\u00e9cada.<\/p>\n<h2><strong>D\u00e9ficit expressivo<\/strong><\/h2>\n<p>Em 10 anos, o cargo de auditor fiscal foi o que sofreu maior redu\u00e7\u00e3o: 34%. Em uma d\u00e9cada, o n\u00famero de servidores caiu de 12.721 (janeiro de 2009) para 8.477 (novembro de 2019), mesmo contando com o ingresso de 278 auditores fiscais do \u00faltimo concurso p\u00fablico, em 2014.<\/p>\n<p>Depois da promulga\u00e7\u00e3o da Reforma da Previd\u00eancia, em novembro de 2019, mais de 130 auditores se aposentaram at\u00e9 10 de janeiro, refor\u00e7ando a precariedade do quadro funcional dispon\u00edvel para as tarefas da administra\u00e7\u00e3o tribut\u00e1ria e aduaneira.<\/p>\n<p>&#8220;A Anafip considera que o expressivo n\u00famero de servidores em condi\u00e7\u00f5es de aposentadoria ou pr\u00f3ximos a ela e a demora na realiza\u00e7\u00e3o de um novo concurso devem causar impactos relevantes nos trabalhos dessa linha de frente&#8221;, aponta o levantamento.<\/p>\n<p>A pr\u00f3pria Coordena\u00e7\u00e3o de Gest\u00e3o de Pessoas da RFB j\u00e1 apontava a defici\u00eancia alarmante: s\u00e3o 21.471 cargos vagos. Destes, 11.325 s\u00e3o de auditores fiscais e 10.416 s\u00e3o de analistas. Na contram\u00e3o da fiscaliza\u00e7\u00e3o, o n\u00famero de empresas no Brasil n\u00e3o para de crescer. Segundo dados oficiais da RFB, houve um aumento de 17,4% (1.545.242) no n\u00famero de empresas abertas no primeiro semestre do ano passado comparado ao mesmo per\u00edodo de 2018, quando foram registrados 1.315.151 de novas empresas no pa\u00eds.<\/p>\n<p>\u201cUrge que sejam tomadas provid\u00eancias para que o caos n\u00e3o se instale nas atividades de fiscaliza\u00e7\u00e3o tribut\u00e1ria, combate \u00e0 sonega\u00e7\u00e3o, entre outras atividades fundamentais para obter recursos financeiros que garantam a continuidade dos programas sociais brasileiros\u00a8, afirma o presidente da Anfip, auditor fiscal D\u00e9cio Bruno Lopes.<\/p>\n","protected":false},"excerpt":{"rendered":"<p>A conta n\u00e3o fecha, segundo levantamento da Associa\u00e7\u00e3o Nacional dos Auditores Fiscais da Receita Federal do Brasil (Anfip). Estudo da entidade aponta que a fiscaliza\u00e7\u00e3o tribut\u00e1ria est\u00e1 prestes a enfrentar grave crise institucional, a exemplo do que hoje ocorre no INSS. Houve uma perda de mais um ter\u00e7o do quadro funcional especializado em uma d\u00e9cada Com a miss\u00e3o de exercer [&hellip;]<\/p>\n","protected":false},"author":27,"featured_media":0,"comment_status":"open","ping_status":"closed","sticky":false,"template":"","format":"standard","meta":{"footnotes":""},"categories":[2719],"tags":[1191,511,771,6,93,5412,1642,366,5413,390,288,1287,940,11,2138,7204,2552,14327,1491,1816,294,9727,58,1750,8577,261,1307],"class_list":["post-14971","post","type-post","status-publish","format-standard","hentry","category-servidor","tag-administracao","tag-analistas-tributarios","tag-anfip","tag-aposentadoria","tag-concurso","tag-contrabando","tag-crimes","tag-crise","tag-descaminho","tag-empresas","tag-especializado","tag-estudo","tag-fiscalizacao","tag-inss","tag-institucional","tag-lavagem-de-dinheiro","tag-levantamento","tag-ministerio-da-economia","tag-perda","tag-quadro","tag-receita-federal","tag-reforma-da-previdencia","tag-servidores","tag-sonegacao","tag-tarefas","tag-trabalho","tag-tributaria"],"_links":{"self":[{"href":"https:\/\/blogs.correiobraziliense.com.br\/servidor\/wp-json\/wp\/v2\/posts\/14971","targetHints":{"allow":["GET"]}}],"collection":[{"href":"https:\/\/blogs.correiobraziliense.com.br\/servidor\/wp-json\/wp\/v2\/posts"}],"about":[{"href":"https:\/\/blogs.correiobraziliense.com.br\/servidor\/wp-json\/wp\/v2\/types\/post"}],"author":[{"embeddable":true,"href":"https:\/\/blogs.correiobraziliense.com.br\/servidor\/wp-json\/wp\/v2\/users\/27"}],"replies":[{"embeddable":true,"href":"https:\/\/blogs.correiobraziliense.com.br\/servidor\/wp-json\/wp\/v2\/comments?post=14971"}],"version-history":[{"count":4,"href":"https:\/\/blogs.correiobraziliense.com.br\/servidor\/wp-json\/wp\/v2\/posts\/14971\/revisions"}],"predecessor-version":[{"id":14976,"href":"https:\/\/blogs.correiobraziliense.com.br\/servidor\/wp-json\/wp\/v2\/posts\/14971\/revisions\/14976"}],"wp:attachment":[{"href":"https:\/\/blogs.correiobraziliense.com.br\/servidor\/wp-json\/wp\/v2\/media?parent=14971"}],"wp:term":[{"taxonomy":"category","embeddable":true,"href":"https:\/\/blogs.correiobraziliense.com.br\/servidor\/wp-json\/wp\/v2\/categories?post=14971"},{"taxonomy":"post_tag","embeddable":true,"href":"https:\/\/blogs.correiobraziliense.com.br\/servidor\/wp-json\/wp\/v2\/tags?post=14971"}],"curies":[{"name":"wp","href":"https:\/\/api.w.org\/{rel}","templated":true}]}}