{"id":1496,"date":"2016-04-13T19:26:37","date_gmt":"2016-04-13T22:26:37","guid":{"rendered":"https:\/\/blogs.correiobraziliense.com.br\/servidor\/?p=1496"},"modified":"2016-04-13T19:26:37","modified_gmt":"2016-04-13T22:26:37","slug":"sindjufe-ba-pede-direito-de-resposta","status":"publish","type":"post","link":"https:\/\/blogs.correiobraziliense.com.br\/servidor\/sindjufe-ba-pede-direito-de-resposta\/","title":{"rendered":"SINDJUFE-BA PEDE DIREITO DE RESPOSTA"},"content":{"rendered":"<p>\u00c0s 17h46, recebemos a seguinte mensagem:<\/p>\n<p>&#8220;Boa tarde,<\/p>\n<p>O Sindicato dos Trabalhadores do Poder Judici\u00e1rio Federal da Bahia (Sindjufe-BA) solicita direito de resposta sobre a mat\u00e9ria publicada no \u00faltimo 6 de abril, sob t\u00edtulo <a title=\"blocked::http:\/\/www.correiobraziliense.com.br\/app\/noticia\/economia\/2016\/04\/06\/internas_economia,525941\/\" href=\"http:\/\/www.correiobraziliense.com.br\/app\/noticia\/economia\/2016\/04\/06\/internas_economia,525941\/\">&#8220;Anajus denuncia manobra de t\u00e9cnicos; impacto pode ser de R$ 10 bi por ano&#8221;<\/a>.<\/p>\n<p>Na mat\u00e9ria, o jornalista afirma que os t\u00e9cnicos do Judici\u00e1rio Federal tentam fazer &#8220;manobra&#8221; ao exigirem n\u00edvel superior para cargo de t\u00e9cnico do Judici\u00e1rio.<\/p>\n<p>O jornal desrespeitou a categoria do Judici\u00e1rio Federal de todo o Brasil e suas bandeiras de luta. Solicitamos aqui Direito de Resposta j\u00e1!<\/p>\n<p>Como previsto na\u00a0pr\u00f3pria lei de direito de resposta. &#8220;<em> O ofendido poder\u00e1 requerer que a resposta ou retifica\u00e7\u00e3o seja divulgada, publicada ou transmitida nos mesmos espa\u00e7o, dia da semana e hor\u00e1rio do agravo&#8221;.<\/em><\/p>\n<p><em><br \/>\n<\/em>Caso o direito de resposta n\u00e3o seja concedido, entraremos com os recursos cab\u00edveis para que o lado dos servidores do Judici\u00e1rio Federal seja ouvido!<\/p>\n<p>Atenciosamente.&#8221;<\/p>\n","protected":false},"excerpt":{"rendered":"<p>\u00c0s 17h46, recebemos a seguinte mensagem: &#8220;Boa tarde, O Sindicato dos Trabalhadores do Poder Judici\u00e1rio Federal da Bahia (Sindjufe-BA) solicita direito de resposta sobre a mat\u00e9ria publicada no \u00faltimo 6 de abril, sob t\u00edtulo &#8220;Anajus denuncia manobra de t\u00e9cnicos; impacto pode ser de R$ 10 bi por ano&#8221;. Na mat\u00e9ria, o jornalista afirma que os t\u00e9cnicos do Judici\u00e1rio Federal tentam [&hellip;]<\/p>\n","protected":false},"author":27,"featured_media":0,"comment_status":"open","ping_status":"closed","sticky":false,"template":"","format":"standard","meta":{"footnotes":""},"categories":[1],"tags":[1740,300,134,116,1741,309,1492,1739,1742],"class_list":["post-1496","post","type-post","status-publish","format-standard","hentry","category-sem-categoria","tag-anajus","tag-cargo","tag-denuncia","tag-direito","tag-manobra","tag-nivel-superior","tag-resposta","tag-sindjufe-ba","tag-tecnico-judiciario"],"_links":{"self":[{"href":"https:\/\/blogs.correiobraziliense.com.br\/servidor\/wp-json\/wp\/v2\/posts\/1496","targetHints":{"allow":["GET"]}}],"collection":[{"href":"https:\/\/blogs.correiobraziliense.com.br\/servidor\/wp-json\/wp\/v2\/posts"}],"about":[{"href":"https:\/\/blogs.correiobraziliense.com.br\/servidor\/wp-json\/wp\/v2\/types\/post"}],"author":[{"embeddable":true,"href":"https:\/\/blogs.correiobraziliense.com.br\/servidor\/wp-json\/wp\/v2\/users\/27"}],"replies":[{"embeddable":true,"href":"https:\/\/blogs.correiobraziliense.com.br\/servidor\/wp-json\/wp\/v2\/comments?post=1496"}],"version-history":[{"count":1,"href":"https:\/\/blogs.correiobraziliense.com.br\/servidor\/wp-json\/wp\/v2\/posts\/1496\/revisions"}],"predecessor-version":[{"id":1497,"href":"https:\/\/blogs.correiobraziliense.com.br\/servidor\/wp-json\/wp\/v2\/posts\/1496\/revisions\/1497"}],"wp:attachment":[{"href":"https:\/\/blogs.correiobraziliense.com.br\/servidor\/wp-json\/wp\/v2\/media?parent=1496"}],"wp:term":[{"taxonomy":"category","embeddable":true,"href":"https:\/\/blogs.correiobraziliense.com.br\/servidor\/wp-json\/wp\/v2\/categories?post=1496"},{"taxonomy":"post_tag","embeddable":true,"href":"https:\/\/blogs.correiobraziliense.com.br\/servidor\/wp-json\/wp\/v2\/tags?post=1496"}],"curies":[{"name":"wp","href":"https:\/\/api.w.org\/{rel}","templated":true}]}}