{"id":14959,"date":"2020-01-15T19:48:13","date_gmt":"2020-01-15T22:48:13","guid":{"rendered":"https:\/\/blogs.correiobraziliense.com.br\/servidor\/?p=14959"},"modified":"2020-01-15T19:48:13","modified_gmt":"2020-01-15T22:48:13","slug":"amb-comemora-decisao-do-stf-sobre-juiz-das-garantias","status":"publish","type":"post","link":"https:\/\/blogs.correiobraziliense.com.br\/servidor\/amb-comemora-decisao-do-stf-sobre-juiz-das-garantias\/","title":{"rendered":"AMB comemora decis\u00e3o do STF sobre juiz das garantias"},"content":{"rendered":"<p><em>O presidente do Supremo Tribunal Federal (STF), ministro Dias Toffoli, suspendeu a implanta\u00e7\u00e3o do juiz das garantias por 180 dias. Associa\u00e7\u00e3o dos Magistrados Brasileiros (AMB) comemora<\/em><\/p>\n<p>Veja a nota:<\/p>\n<p>\u201cA Associa\u00e7\u00e3o dos Magistrados Brasileiros sa\u00fada a decis\u00e3o do presidente do Supremo Tribunal Federal, ministro Dias Toffoli, de acolher o pleito da entidade. Essa \u00e9 uma demonstra\u00e7\u00e3o de que a magistratura brasileira \u00e9 imparcial e que o sistema atual j\u00e1 garante a isen\u00e7\u00e3o dos julgamentos.<\/p>\n<p>A AMB tem demonstrado que os tribunais t\u00eam autonomia para organizar e regulamentar a implementa\u00e7\u00e3o da nova norma e estabelecer, por exemplo, que ela n\u00e3o \u00e9 v\u00e1lida para os processos j\u00e1 em andamento.<\/p>\n<p>A magistratura brasileira reitera seu compromisso com a sociedade. Cumprimos nosso papel de defender a Constitui\u00e7\u00e3o Federal, que estabelece o princ\u00edpio da unicidade e do juiz natural, garantindo \u00e0s partes do processo a m\u00e1xima transpar\u00eancia quanto aos reais respons\u00e1veis pelo julgamento das a\u00e7\u00f5es.<\/p>\n<p>Renata Gil<br \/>\nPresidente da Associa\u00e7\u00e3o dos Magistrados Brasileiros (AMB)&#8221;<\/p>\n","protected":false},"excerpt":{"rendered":"<p>O presidente do Supremo Tribunal Federal (STF), ministro Dias Toffoli, suspendeu a implanta\u00e7\u00e3o do juiz das garantias por 180 dias. Associa\u00e7\u00e3o dos Magistrados Brasileiros (AMB) comemora Veja a nota: \u201cA Associa\u00e7\u00e3o dos Magistrados Brasileiros sa\u00fada a decis\u00e3o do presidente do Supremo Tribunal Federal, ministro Dias Toffoli, de acolher o pleito da entidade. Essa \u00e9 uma demonstra\u00e7\u00e3o de que a magistratura [&hellip;]<\/p>\n","protected":false},"author":27,"featured_media":0,"comment_status":"open","ping_status":"closed","sticky":false,"template":"","format":"standard","meta":{"footnotes":""},"categories":[2719],"tags":[1409,1308,2628,1248,7534,6125,16703,1967,621,34,120,5647],"class_list":["post-14959","post","type-post","status-publish","format-standard","hentry","category-servidor","tag-amb","tag-autonomia","tag-constituicao-federal","tag-decisao","tag-imparcial","tag-isencao","tag-juiz-das-garantias","tag-julgamentos","tag-magistrados","tag-stf","tag-tribunais","tag-unicidade"],"_links":{"self":[{"href":"https:\/\/blogs.correiobraziliense.com.br\/servidor\/wp-json\/wp\/v2\/posts\/14959","targetHints":{"allow":["GET"]}}],"collection":[{"href":"https:\/\/blogs.correiobraziliense.com.br\/servidor\/wp-json\/wp\/v2\/posts"}],"about":[{"href":"https:\/\/blogs.correiobraziliense.com.br\/servidor\/wp-json\/wp\/v2\/types\/post"}],"author":[{"embeddable":true,"href":"https:\/\/blogs.correiobraziliense.com.br\/servidor\/wp-json\/wp\/v2\/users\/27"}],"replies":[{"embeddable":true,"href":"https:\/\/blogs.correiobraziliense.com.br\/servidor\/wp-json\/wp\/v2\/comments?post=14959"}],"version-history":[{"count":1,"href":"https:\/\/blogs.correiobraziliense.com.br\/servidor\/wp-json\/wp\/v2\/posts\/14959\/revisions"}],"predecessor-version":[{"id":14960,"href":"https:\/\/blogs.correiobraziliense.com.br\/servidor\/wp-json\/wp\/v2\/posts\/14959\/revisions\/14960"}],"wp:attachment":[{"href":"https:\/\/blogs.correiobraziliense.com.br\/servidor\/wp-json\/wp\/v2\/media?parent=14959"}],"wp:term":[{"taxonomy":"category","embeddable":true,"href":"https:\/\/blogs.correiobraziliense.com.br\/servidor\/wp-json\/wp\/v2\/categories?post=14959"},{"taxonomy":"post_tag","embeddable":true,"href":"https:\/\/blogs.correiobraziliense.com.br\/servidor\/wp-json\/wp\/v2\/tags?post=14959"}],"curies":[{"name":"wp","href":"https:\/\/api.w.org\/{rel}","templated":true}]}}