{"id":14954,"date":"2020-01-15T15:56:14","date_gmt":"2020-01-15T18:56:14","guid":{"rendered":"https:\/\/blogs.correiobraziliense.com.br\/servidor\/?p=14954"},"modified":"2020-01-15T15:56:14","modified_gmt":"2020-01-15T18:56:14","slug":"advogados-federais-preocupados-com-militares-no-inss","status":"publish","type":"post","link":"https:\/\/blogs.correiobraziliense.com.br\/servidor\/advogados-federais-preocupados-com-militares-no-inss\/","title":{"rendered":"Advogados federais preocupados com militares no INSS"},"content":{"rendered":"<p>A Associa\u00e7\u00e3o Nacional dos Advogados P\u00fablicos Federais (Anafe), por meio de nota, deixa claro que n\u00e3o concorda com a &#8220;convoca\u00e7\u00e3o emergencial de militares da reserva&#8221; para an\u00e1lise de benef\u00edcios represados. &#8220;A abertura de concurso p\u00fablico peri\u00f3dico \u00e9 medida salutar para enfrentar os problemas ordin\u00e1rios e extraordin\u00e1rios como esses que acometem a Autarquia&#8221;, diz<\/p>\n<p>Veja a nota:<\/p>\n<p>&#8220;A Anafe, maior associa\u00e7\u00e3o de Membros da Advocacia P\u00fablica Federal, vem a p\u00fablico demonstrar preocupa\u00e7\u00e3o com a convoca\u00e7\u00e3o emergencial de militares da reserva para ajudar na an\u00e1lise de benef\u00edcios represados na fila do Instituto Nacional do Seguro Social (INSS).<\/p>\n<p>O INSS, maior autarquia federal, que conta com a atua\u00e7\u00e3o de diversos Procuradores Federais nas causas previdenci\u00e1rias, exerce fun\u00e7\u00e3o primordial no Estado brasileiro e sua pol\u00edtica p\u00fablica deve ser conduzida com profissionalismo e pensada a longo prazo.<\/p>\n<p>A abertura de concurso p\u00fablico peri\u00f3dico \u00e9 medida salutar para enfrentar os problemas ordin\u00e1rios e extraordin\u00e1rios como esses que acometem a Autarquia.<\/p>\n<p>\u00c9 cedi\u00e7o que a no\u00e7\u00e3o geral de incha\u00e7o no servi\u00e7o p\u00fablico, passada como verdade pela grande m\u00eddia, n\u00e3o \u00e9 verdadeira em sua ess\u00eancia, sendo que diversos \u00f3rg\u00e3os, autarquias e funda\u00e7\u00f5es padecem de n\u00famero de pessoal suficiente, como \u00e9 o evidente caso do INSS.<\/p>\n<p>Aproveitamos o ensejo para chamar aten\u00e7\u00e3o de que a formula\u00e7\u00e3o de pol\u00edticas p\u00fablicas deve se pautar pela defesa do interesse p\u00fablico, com a valoriza\u00e7\u00e3o dos servidores e das carreiras que prestam um servi\u00e7o essencial \u00e0 sociedade.<\/p>\n<p><strong>Associa\u00e7\u00e3o Nacional dos Advogados P\u00fablicos Federais \u2013 ANAFE&#8221;<\/strong><\/p>\n","protected":false},"excerpt":{"rendered":"<p>A Associa\u00e7\u00e3o Nacional dos Advogados P\u00fablicos Federais (Anafe), por meio de nota, deixa claro que n\u00e3o concorda com a &#8220;convoca\u00e7\u00e3o emergencial de militares da reserva&#8221; para an\u00e1lise de benef\u00edcios represados. &#8220;A abertura de concurso p\u00fablico peri\u00f3dico \u00e9 medida salutar para enfrentar os problemas ordin\u00e1rios e extraordin\u00e1rios como esses que acometem a Autarquia&#8221;, diz Veja a nota: &#8220;A Anafe, maior associa\u00e7\u00e3o [&hellip;]<\/p>\n","protected":false},"author":27,"featured_media":0,"comment_status":"open","ping_status":"closed","sticky":false,"template":"","format":"standard","meta":{"footnotes":""},"categories":[2719],"tags":[11539,1234,1224,4334,852,55,5625,1851,704,4335,9491,11,51,1890,1153,409,1235,351],"class_list":["post-14954","post","type-post","status-publish","format-standard","hentry","category-servidor","tag-advogados-federais","tag-anafe","tag-analise","tag-autarquias","tag-beneficios","tag-carreiras","tag-causas","tag-concurso-publico","tag-convocacao","tag-fundacoes","tag-inchaco","tag-inss","tag-militares","tag-orgaos","tag-pessoal","tag-previdenciarias","tag-procuradores","tag-sociedade"],"_links":{"self":[{"href":"https:\/\/blogs.correiobraziliense.com.br\/servidor\/wp-json\/wp\/v2\/posts\/14954","targetHints":{"allow":["GET"]}}],"collection":[{"href":"https:\/\/blogs.correiobraziliense.com.br\/servidor\/wp-json\/wp\/v2\/posts"}],"about":[{"href":"https:\/\/blogs.correiobraziliense.com.br\/servidor\/wp-json\/wp\/v2\/types\/post"}],"author":[{"embeddable":true,"href":"https:\/\/blogs.correiobraziliense.com.br\/servidor\/wp-json\/wp\/v2\/users\/27"}],"replies":[{"embeddable":true,"href":"https:\/\/blogs.correiobraziliense.com.br\/servidor\/wp-json\/wp\/v2\/comments?post=14954"}],"version-history":[{"count":1,"href":"https:\/\/blogs.correiobraziliense.com.br\/servidor\/wp-json\/wp\/v2\/posts\/14954\/revisions"}],"predecessor-version":[{"id":14955,"href":"https:\/\/blogs.correiobraziliense.com.br\/servidor\/wp-json\/wp\/v2\/posts\/14954\/revisions\/14955"}],"wp:attachment":[{"href":"https:\/\/blogs.correiobraziliense.com.br\/servidor\/wp-json\/wp\/v2\/media?parent=14954"}],"wp:term":[{"taxonomy":"category","embeddable":true,"href":"https:\/\/blogs.correiobraziliense.com.br\/servidor\/wp-json\/wp\/v2\/categories?post=14954"},{"taxonomy":"post_tag","embeddable":true,"href":"https:\/\/blogs.correiobraziliense.com.br\/servidor\/wp-json\/wp\/v2\/tags?post=14954"}],"curies":[{"name":"wp","href":"https:\/\/api.w.org\/{rel}","templated":true}]}}