{"id":14952,"date":"2020-01-15T15:48:26","date_gmt":"2020-01-15T18:48:26","guid":{"rendered":"https:\/\/blogs.correiobraziliense.com.br\/servidor\/?p=14952"},"modified":"2020-01-15T15:48:26","modified_gmt":"2020-01-15T18:48:26","slug":"fenasps-inss-nao-precisa-de-intervencao-militar","status":"publish","type":"post","link":"https:\/\/blogs.correiobraziliense.com.br\/servidor\/fenasps-inss-nao-precisa-de-intervencao-militar\/","title":{"rendered":"Fenasps &#8211; &#8220;INSS n\u00e3o precisa de interven\u00e7\u00e3o militar&#8221;"},"content":{"rendered":"<p><em>Paras a Federa\u00e7\u00e3o Nacional de Sindicatos dos Trabalhadores em Sa\u00fade, Trabalho e Previd\u00eancia Social (Fenasps) O INss precisa de concurso p\u00fablico j\u00e1.\u00a0No 24 de janeiro, Dia Nacional do Aposentado(a), Fenasps esindicatos\u00a0filiados far\u00e3o atos nas ger\u00eancias e unidades de trabalho do INSS em todo o pa\u00eds.\u00a0&#8220;Vamos convocar toda a classe trabalhadora para se mobilizar e fazer frente a mais este ataque,\u00a0preparando a greve, caso seja necess\u00e1rio&#8221;, anuncia<\/em><\/p>\n<p>Por meio de nota, afirma que vem alertando para a car\u00eancia de pessoal desde 2016. Depois de declara\u00e7\u00f5es de que h\u00e1 milh\u00f5es de processos aguardando an\u00e1lise, o governo, diz a Anasps, &#8220;espalha fakenews,\u00a0afirmando que o \u201catendimento melhorou\u201d.<\/p>\n<p>Veja a nota:<\/p>\n<p>&#8220;A Fenasps, por meio de diversas publica\u00e7\u00f5es vem denunciando o caos institu\u00eddo no\u00a0INSS h\u00e1 anos. No apagar das luzes do ano de 2019, o ministro da Economia e o presidente do\u00a0INSS, em declara\u00e7\u00f5es triunfais, anunciaram que o INSS, mesmo tendo reduzido o quadro de\u00a0servidores(as) em 40%, aumentou sua produtividade. A Fenasps recentemente publicou<br \/>\nnota corrigindo estas ila\u00e7\u00f5es, pois j\u00e1 denunci\u00e1vamos que os milh\u00f5es de processos na nuvem\u00a0virtual representavam uma bomba-rel\u00f3gio de efeito retardado.<\/p>\n<p>Nem bem se iniciou 2020, o governo utiliza-se das m\u00eddias colocando o INSS como\u00a0assunto central. Como se fosse uma realidade nova, passa a informar a exist\u00eancia de milh\u00f5es\u00a0de processos \u2013 na \u201cnuvem\u201d \u2013 aguardando an\u00e1lise e a insufici\u00eancia de servidores(as) para\u00a0atendimento dessa demanda, situa\u00e7\u00e3o que se amplia na autarquia desde 2016, com o in\u00edcio da<br \/>\nimplanta\u00e7\u00e3o do INSS Digital. Nas mesmas mat\u00e9rias publicadas, o governo espalha fakenews,\u00a0afirmando que o \u201catendimento melhorou\u201d.<\/p>\n<p>Na realidade, os(as) servidores(as) trabalham sobre press\u00e3o para atingir metas por\u00a0produtividade e vivenciam situa\u00e7\u00f5es de ass\u00e9dio moral institucional cotidiano. Sem condi\u00e7\u00f5es\u00a0m\u00ednimas de trabalho, na grande \u201cera digital\u201d anunciada massivamente pelo presidente do\u00a0INSS, nem mesmos os sistemas funcionam, e o resultado \u00e9 que grande parcela dos(as)\u00a0servidores(as) est\u00e1 adoecida e afastada do trabalho.<\/p>\n<p>Para o ministro da Economia, a solu\u00e7\u00e3o \u00e9\u00a0realizar o grande \u201cpente-fino\u201d de per\u00edcias nos servidores(as), obrigando a retornarem ao\u00a0trabalho, mesmo adoecidos(as). N\u00e3o podemos deixar de lembrar que o pr\u00f3prio governo\u00a0extinguiu o Subsistema Integrada de Aten\u00e7\u00e3o \u00e0 Sa\u00fade do Servidor (SIASS), ou seja, a sa\u00fade\u00a0do(a) servidor(a) era algo descart\u00e1vel.<\/p>\n<p>Para piorar este cen\u00e1rio, gest\u00e3o do INSS reduziu em 90% o atendimento presencial\u00a0nas unidades do INSS, retirando os(as) servidores(as) do atendimento e remanejando-os(as)<br \/>\npara a an\u00e1lise, literalmente direcionando grande parcela da popula\u00e7\u00e3o para intermedi\u00e1rios, ou\u00a0seja, os(as) trabalhadores(as) passaram a pagar por um servi\u00e7o que o Estado deveria fornecer.\u00a0Recentemente, o governo anunciou o fechamento de 50% das unidades do INSS, dificultando\u00a0ainda mais o acesso da popula\u00e7\u00e3o aos seus direitos previdenci\u00e1rios.<\/p>\n<p>Contraditoriamente, o ministro da Economia anunciou nessa ter\u00e7a-feira, 14 de janeiro,\u00a0mais uma medida estapaf\u00fardia: contrata\u00e7\u00e3o de sete mil militares da reserva apenas para<br \/>\natendimento nas ag\u00eancias do INSS, considerando que esses militares n\u00e3o podem realizar as\u00a0an\u00e1lises de processo.<\/p>\n<p>Se 90% do atendimento est\u00e1 sendo realizado pelos canais remotos, como se explica\u00a0colocar 7.000 militares para atender 10% da demanda do instituto?\u00a0Se h\u00e1 or\u00e7amento para custear pagamentos de militares, por que o governo n\u00e3o\u00a0investe em concurso p\u00fablico?\u00a0Considerando a complexidade da mat\u00e9ria previdenci\u00e1ria, como a gest\u00e3o do INSS\u00a0vai transformar militares em especialistas previdenci\u00e1rios em curto espa\u00e7o de tempo?<\/p>\n<p>\u00c9 evidente que essa medida n\u00e3o resolve os problemas estruturais do INSS: a inten\u00e7\u00e3o\u00a0do governo \u00e9 inserir militares no servi\u00e7o p\u00fablico, na maior autarquia desse pa\u00eds, para atender<br \/>\nunicamente a seus interesses pol\u00edticos. Ainda, trata-se de uma medida inconstitucional, ferindo\u00a0o Art. 37 da Constitui\u00e7\u00e3o Federal de 1988, al\u00e9m do descumprimento da Lei 10.355\/2001, que\u00a0rege a carreira do Seguro Social.<\/p>\n<p>Diante do flagrante descumprimento da lei, realizaremos den\u00fancia nos \u00f3rg\u00e3os de\u00a0controle \u2013 CGU e TCU, por exemplo \u2013 e buscar apoio junto \u00e0 OAB, \u00e0 DPU, e ao Minist\u00e9rio\u00a0P\u00fablico Federal, al\u00e9m de centrais sindicais e outras organiza\u00e7\u00f5es.\u00a0Os(as) servidores(as) e o conjunto da classe trabalhadora n\u00e3o aceitar\u00e3o essas medidas!<\/p>\n<p>No pr\u00f3ximo 24 de janeiro, Dia Nacional do Aposentado(a), a Fenasps\u00a0 e seus sindicatos\u00a0filiados realizar\u00e3o ATOS nas ger\u00eancias e unidades de trabalho do INSS em todo o pa\u00eds.\u00a0Vamos convocar toda a classe trabalhadora para se mobilizar e fazer frente a mais este ataque,\u00a0preparando a greve, caso seja necess\u00e1rio.<\/p>\n<p>O INSS n\u00e3o precisa de interven\u00e7\u00e3o militar e sim um projeto de gest\u00e3o voltado para\u00a0sua miss\u00e3o institucional, como concurso p\u00fablico, investimento na carreira do Seguro Social<br \/>\ne na sa\u00fade do(a) servidor(a), para assim atender aos milh\u00f5es de brasileiros e brasileiras que\u00a0necessitam dos benef\u00edcios e servi\u00e7os da Previd\u00eancia Social.<\/p>\n<p>Bras\u00edlia, 15 de janeiro de 2020&#8221;<\/p>\n","protected":false},"excerpt":{"rendered":"<p>Paras a Federa\u00e7\u00e3o Nacional de Sindicatos dos Trabalhadores em Sa\u00fade, Trabalho e Previd\u00eancia Social (Fenasps) O INss precisa de concurso p\u00fablico j\u00e1.\u00a0No 24 de janeiro, Dia Nacional do Aposentado(a), Fenasps esindicatos\u00a0filiados far\u00e3o atos nas ger\u00eancias e unidades de trabalho do INSS em todo o pa\u00eds.\u00a0&#8220;Vamos convocar toda a classe trabalhadora para se mobilizar e fazer frente a mais este ataque,\u00a0preparando [&hellip;]<\/p>\n","protected":false},"author":27,"featured_media":0,"comment_status":"open","ping_status":"closed","sticky":false,"template":"","format":"standard","meta":{"footnotes":""},"categories":[2719],"tags":[1224,551,16760,5662,4419,271,1549,11855,16536,5632,98,11,16759,15187,1153,562,1136,58,3801,276],"class_list":["post-14952","post","type-post","status-publish","format-standard","hentry","category-servidor","tag-analise","tag-atendimento","tag-ato-greve","tag-autarquia","tag-bomba-relogio","tag-carencia","tag-demanda","tag-fake-news","tag-fenasps","tag-filiados","tag-governo","tag-inss","tag-intervencao-militar","tag-ministro-da-economia","tag-pessoal","tag-processos","tag-produtividade","tag-servidores","tag-sindicatos","tag-virtual"],"_links":{"self":[{"href":"https:\/\/blogs.correiobraziliense.com.br\/servidor\/wp-json\/wp\/v2\/posts\/14952","targetHints":{"allow":["GET"]}}],"collection":[{"href":"https:\/\/blogs.correiobraziliense.com.br\/servidor\/wp-json\/wp\/v2\/posts"}],"about":[{"href":"https:\/\/blogs.correiobraziliense.com.br\/servidor\/wp-json\/wp\/v2\/types\/post"}],"author":[{"embeddable":true,"href":"https:\/\/blogs.correiobraziliense.com.br\/servidor\/wp-json\/wp\/v2\/users\/27"}],"replies":[{"embeddable":true,"href":"https:\/\/blogs.correiobraziliense.com.br\/servidor\/wp-json\/wp\/v2\/comments?post=14952"}],"version-history":[{"count":1,"href":"https:\/\/blogs.correiobraziliense.com.br\/servidor\/wp-json\/wp\/v2\/posts\/14952\/revisions"}],"predecessor-version":[{"id":14953,"href":"https:\/\/blogs.correiobraziliense.com.br\/servidor\/wp-json\/wp\/v2\/posts\/14952\/revisions\/14953"}],"wp:attachment":[{"href":"https:\/\/blogs.correiobraziliense.com.br\/servidor\/wp-json\/wp\/v2\/media?parent=14952"}],"wp:term":[{"taxonomy":"category","embeddable":true,"href":"https:\/\/blogs.correiobraziliense.com.br\/servidor\/wp-json\/wp\/v2\/categories?post=14952"},{"taxonomy":"post_tag","embeddable":true,"href":"https:\/\/blogs.correiobraziliense.com.br\/servidor\/wp-json\/wp\/v2\/tags?post=14952"}],"curies":[{"name":"wp","href":"https:\/\/api.w.org\/{rel}","templated":true}]}}