{"id":14947,"date":"2020-01-15T12:22:45","date_gmt":"2020-01-15T15:22:45","guid":{"rendered":"https:\/\/blogs.correiobraziliense.com.br\/servidor\/?p=14947"},"modified":"2020-01-15T12:22:45","modified_gmt":"2020-01-15T15:22:45","slug":"sindicato-contesta-limitacao-de-reajuste-para-servidores-do-gdf","status":"publish","type":"post","link":"https:\/\/blogs.correiobraziliense.com.br\/servidor\/sindicato-contesta-limitacao-de-reajuste-para-servidores-do-gdf\/","title":{"rendered":"Sindicato contesta limita\u00e7\u00e3o de reajuste para servidores do GDF"},"content":{"rendered":"<p><em>O Sindicato dos Servidores da Assist\u00eancia Social e Cultural do GDF (Sindsasc) contesta a declara\u00e7\u00e3o do governador Ibaneis Rocha sobre o aumento salarial apenas para duas categorias da gest\u00e3o p\u00fablica. A entidade convocou assembleia-geral, com paralisa\u00e7\u00e3o de 24 horas e indicativo de greve para a \u00faltima semana de mar\u00e7o.<br \/>\n<\/em><\/p>\n<p>Na ter\u00e7a-feira (14 de janeiro), o l\u00edder do Executivo disse que vai priorizar os reajustes salariais para os servidores da Sa\u00fade e Educa\u00e7\u00e3o. O presidente do Sindsasc, Clayton Avelar, contesta a iniciativa do Governo do Distrito Federal (GDF) em limitar o pagamento do reajuste. \u201cEntendemos a import\u00e2ncia desses dois setores e somos solid\u00e1rios aos servidores dessas \u00e1reas. Mas isso n\u00e3o quer dizer que vamos aceitar que os trabalhadores da Assist\u00eancia Social e Cultural fiquem em segundo plano\u201d, declara.<\/p>\n<p>O dirigente da entidade refor\u00e7a a import\u00e2ncia da categoria, que busca h\u00e1 cinco anos o pagamento da terceira parcela do reajuste salarial que ainda n\u00e3o come\u00e7ou a ser paga pelo GDF. &#8220;Nossa categoria \u00e9 respons\u00e1vel por pol\u00edticas p\u00fablicas fundamentais \u00e0 sociedade, como o atendimento \u00e0 popula\u00e7\u00e3o em situa\u00e7\u00e3o de vulnerabilidade, seguran\u00e7a alimentar, prote\u00e7\u00e3o \u00e0s mulheres v\u00edtimas de agress\u00e3o e assist\u00eancia cultural&#8221;, refor\u00e7a.<\/p>\n<p>A diretoria do sindicato afirma que se mant\u00e9m aberto ao di\u00e1logo com o GDF, mas pondera que n\u00e3o pode &#8220;esperar indeterminadamente um convite para um di\u00e1logo direto e eficaz com o governo&#8221; para que a situa\u00e7\u00e3o relativa ao reajuste seja resolvida. &#8220;O que n\u00f3s exigimos \u00e9 apenas o cumprimento da lei e a aten\u00e7\u00e3o do governador para a realidade alarmante da assist\u00eancia social, que \u00e9 cada dia mais solicitada pela popula\u00e7\u00e3o devido \u00e0 grave situa\u00e7\u00e3o de desemprego que enfrentamos no Pa\u00eds&#8221;, explica.<\/p>\n<p><strong>Di\u00e1logo negado<\/strong><\/p>\n<p>Em outubro do ano passado, o governador afirmou que pretendia dialogar com os sindicatos de servidores no pr\u00f3ximo m\u00eas de mar\u00e7o. Segundo Clayton, categoria est\u00e1 cansada de promessas. \u201cEssa \u00e9 a quinta promessa que o governador faz sobre o mesmo assunto. N\u00f3s, servidores, n\u00e3o queremos mais promessas! Ibaneis tem se mostrado intransigente!\u201d, reclama o sindicalista.<\/p>\n<p><strong>Indicativo de greve<\/strong><\/p>\n<p>A categoria de servidores representada pelo sindicato faz constantes mobiliza\u00e7\u00f5es e convocou assembleia-geral, com paralisa\u00e7\u00e3o de 24 horas e indicativo de greve para a \u00faltima semana do m\u00eas de mar\u00e7o. Al\u00e9m do pagamento do reajuste, a categoria exige do GDF a entrega dos benef\u00edcios sociais \u00e0 popula\u00e7\u00e3o em, no m\u00e1ximo, 30 dias; e a entrega das cestas b\u00e1sicas emergenciais em, no m\u00e1ximo, cinco dias.<\/p>\n","protected":false},"excerpt":{"rendered":"<p>O Sindicato dos Servidores da Assist\u00eancia Social e Cultural do GDF (Sindsasc) contesta a declara\u00e7\u00e3o do governador Ibaneis Rocha sobre o aumento salarial apenas para duas categorias da gest\u00e3o p\u00fablica. A entidade convocou assembleia-geral, com paralisa\u00e7\u00e3o de 24 horas e indicativo de greve para a \u00faltima semana de mar\u00e7o. Na ter\u00e7a-feira (14 de janeiro), o l\u00edder do Executivo disse que [&hellip;]<\/p>\n","protected":false},"author":27,"featured_media":0,"comment_status":"open","ping_status":"closed","sticky":false,"template":"","format":"standard","meta":{"footnotes":""},"categories":[2719],"tags":[12765,75,803,2692,3285,15,5518,151,506,63,18,58,440,11776],"class_list":["post-14947","post","type-post","status-publish","format-standard","hentry","category-servidor","tag-assembleia-geral","tag-aumento","tag-categorias","tag-gdf","tag-governador","tag-greve","tag-limitacao","tag-pagamento","tag-paralisacao","tag-reajuste","tag-salarial","tag-servidores","tag-sindicato","tag-sindsasc"],"_links":{"self":[{"href":"https:\/\/blogs.correiobraziliense.com.br\/servidor\/wp-json\/wp\/v2\/posts\/14947","targetHints":{"allow":["GET"]}}],"collection":[{"href":"https:\/\/blogs.correiobraziliense.com.br\/servidor\/wp-json\/wp\/v2\/posts"}],"about":[{"href":"https:\/\/blogs.correiobraziliense.com.br\/servidor\/wp-json\/wp\/v2\/types\/post"}],"author":[{"embeddable":true,"href":"https:\/\/blogs.correiobraziliense.com.br\/servidor\/wp-json\/wp\/v2\/users\/27"}],"replies":[{"embeddable":true,"href":"https:\/\/blogs.correiobraziliense.com.br\/servidor\/wp-json\/wp\/v2\/comments?post=14947"}],"version-history":[{"count":1,"href":"https:\/\/blogs.correiobraziliense.com.br\/servidor\/wp-json\/wp\/v2\/posts\/14947\/revisions"}],"predecessor-version":[{"id":14948,"href":"https:\/\/blogs.correiobraziliense.com.br\/servidor\/wp-json\/wp\/v2\/posts\/14947\/revisions\/14948"}],"wp:attachment":[{"href":"https:\/\/blogs.correiobraziliense.com.br\/servidor\/wp-json\/wp\/v2\/media?parent=14947"}],"wp:term":[{"taxonomy":"category","embeddable":true,"href":"https:\/\/blogs.correiobraziliense.com.br\/servidor\/wp-json\/wp\/v2\/categories?post=14947"},{"taxonomy":"post_tag","embeddable":true,"href":"https:\/\/blogs.correiobraziliense.com.br\/servidor\/wp-json\/wp\/v2\/tags?post=14947"}],"curies":[{"name":"wp","href":"https:\/\/api.w.org\/{rel}","templated":true}]}}