{"id":14934,"date":"2020-01-14T20:47:39","date_gmt":"2020-01-14T23:47:39","guid":{"rendered":"https:\/\/blogs.correiobraziliense.com.br\/servidor\/?p=14934"},"modified":"2020-01-14T20:47:39","modified_gmt":"2020-01-14T23:47:39","slug":"governo-anuncia-convocacao-de-7-mil-militares-da-reserva-para-reduzir-fila-de-processos-no-inss","status":"publish","type":"post","link":"https:\/\/blogs.correiobraziliense.com.br\/servidor\/governo-anuncia-convocacao-de-7-mil-militares-da-reserva-para-reduzir-fila-de-processos-no-inss\/","title":{"rendered":"Governo anuncia convoca\u00e7\u00e3o de 7 mil militares da reserva para reduzir fila de processos no INSS"},"content":{"rendered":"<p><em>Rea\u00e7\u00e3o dos servidores federais foi imediata contra a medida. Minutos ap\u00f3s o an\u00fancio oficial, fizeram ilustra\u00e7\u00f5es c\u00f4micas e criaram as hastags #DitaduraNao!\u00a0#ConvocaAposentados\u00a0#MiliciasGoHomme! Se \u00e9 para contratar aposentados, dizem, que sejam os do INSS que j\u00e1 t\u00eam conhecimento t\u00e9cnico sobre o assunto. Eles definem como &#8220;invas\u00e3o de compet\u00eancias a interven\u00e7\u00e3o militar no \u00f3rg\u00e3o&#8221;<\/em><\/p>\n<p><img loading=\"lazy\" decoding=\"async\" class=\"alignright size-large wp-image-14935\" src=\"https:\/\/blogs.correiobraziliense.com.br\/servidor\/wp-content\/uploads\/sites\/10\/2020\/01\/militares-no-INSS-730x1024.jpeg\" alt=\"\" width=\"730\" height=\"1024\" srcset=\"https:\/\/blogs.correiobraziliense.com.br\/servidor\/wp-content\/uploads\/sites\/10\/2020\/01\/militares-no-INSS-730x1024.jpeg 730w, https:\/\/blogs.correiobraziliense.com.br\/servidor\/wp-content\/uploads\/sites\/10\/2020\/01\/militares-no-INSS-214x300.jpeg 214w, https:\/\/blogs.correiobraziliense.com.br\/servidor\/wp-content\/uploads\/sites\/10\/2020\/01\/militares-no-INSS-768x1078.jpeg 768w, https:\/\/blogs.correiobraziliense.com.br\/servidor\/wp-content\/uploads\/sites\/10\/2020\/01\/militares-no-INSS-249x350.jpeg 249w, https:\/\/blogs.correiobraziliense.com.br\/servidor\/wp-content\/uploads\/sites\/10\/2020\/01\/militares-no-INSS-550x772.jpeg 550w, https:\/\/blogs.correiobraziliense.com.br\/servidor\/wp-content\/uploads\/sites\/10\/2020\/01\/militares-no-INSS-230x323.jpeg 230w, https:\/\/blogs.correiobraziliense.com.br\/servidor\/wp-content\/uploads\/sites\/10\/2020\/01\/militares-no-INSS.jpeg 912w\" sizes=\"auto, (max-width: 730px) 100vw, 730px\" \/><\/p>\n<p>&nbsp;<\/p>\n<p>&#8220;\u00c9 desse jeito que esse desgoverno afirma que acabou a mamata, com essa atitude de n\u00e3o fazer concursos p\u00fablicos, ele com uma \u00fanica canetada vai gastar R$ 14,5 milh\u00f5es por m\u00eas, para dar em torno de 30% aos milicos caduco da reserva. \u00c9 mole ou querem mais mamata do que essa?&#8221;, questionou Sergio Ronaldo da Silva, secret\u00e1rio-geral da Confedera\u00e7\u00e3o Nacional dos Trabalhadores no Servi\u00e7o P\u00fablico Federal (Condsef).<\/p>\n<p>Nas publica\u00e7\u00f5es das hastags, os servidores dizem que a forma encontrada pelo governo foi &#8220;o velho jeito de beneficiar &#8216;os seus&#8217;\u201d. &#8220;Chegamos ao c\u00famulo da indec\u00eancia, promiscuidade deste governo na gest\u00e3o da previd\u00eancia social. A completa subvers\u00e3o dos princ\u00edpios constitucionais em rela\u00e7\u00e3o \u00e0s compet\u00eancias do ex\u00e9rcito brasileiro e das prerrogativas e compet\u00eancias privativas da carreira do seguro social dos servidores do INSS. Em hip\u00f3tese alguma o ordenamento jur\u00eddico, em um Estado democr\u00e1tico de direito, permitiria tamanha aberra\u00e7\u00e3o&#8221;.<\/p>\n<p>Dizem tamb\u00e9m que &#8220;em hip\u00f3tese alguma os servidores do INSS devem aceitar esta \u201cinvas\u00e3o\u201d de compet\u00eancias, esta ditadura e interven\u00e7\u00e3o militar no \u00f3rg\u00e3o. Se o governo n\u00e3o quer fazer concurso, ent\u00e3o, que convoque os servidores do INSS \u201caposentados\u201d (e n\u00e3o militares \u201cda reserva\u201d), pois s\u00e3o estes servidores da carreira que possuem o know how, a legitimidade e capacidade de intervir na orienta\u00e7\u00e3o, encaminhamento e an\u00e1lise dos processos e benef\u00edcios previdenci\u00e1rios. Que o EB v\u00e1 cuidar de suas atribui\u00e7\u00f5es, nas fronteiras do pa\u00eds! O INSS \u00e9 nosso, \u00e9 dos seus servidores e do povo brasileiro!&#8221;, declararam na publica\u00e7\u00e3o.<\/p>\n<p>Fonte: Condsef<\/p>\n","protected":false},"excerpt":{"rendered":"<p>Rea\u00e7\u00e3o dos servidores federais foi imediata contra a medida. Minutos ap\u00f3s o an\u00fancio oficial, fizeram ilustra\u00e7\u00f5es c\u00f4micas e criaram as hastags #DitaduraNao!\u00a0#ConvocaAposentados\u00a0#MiliciasGoHomme! Se \u00e9 para contratar aposentados, dizem, que sejam os do INSS que j\u00e1 t\u00eam conhecimento t\u00e9cnico sobre o assunto. Eles definem como &#8220;invas\u00e3o de compet\u00eancias a interven\u00e7\u00e3o militar no \u00f3rg\u00e3o&#8221; &nbsp; &#8220;\u00c9 desse jeito que esse desgoverno afirma [&hellip;]<\/p>\n","protected":false},"author":27,"featured_media":0,"comment_status":"open","ping_status":"closed","sticky":false,"template":"","format":"standard","meta":{"footnotes":""},"categories":[2719],"tags":[345,2140,5792,704,16747,98,16748,11,5298,6095,51,702,1067],"class_list":["post-14934","post","type-post","status-publish","format-standard","hentry","category-servidor","tag-aposentados","tag-competencias","tag-conhecimento","tag-convocacao","tag-fila-de-processos","tag-governo","tag-hastags","tag-inss","tag-intervencao","tag-invasao","tag-militares","tag-reserva","tag-tecnico"],"_links":{"self":[{"href":"https:\/\/blogs.correiobraziliense.com.br\/servidor\/wp-json\/wp\/v2\/posts\/14934","targetHints":{"allow":["GET"]}}],"collection":[{"href":"https:\/\/blogs.correiobraziliense.com.br\/servidor\/wp-json\/wp\/v2\/posts"}],"about":[{"href":"https:\/\/blogs.correiobraziliense.com.br\/servidor\/wp-json\/wp\/v2\/types\/post"}],"author":[{"embeddable":true,"href":"https:\/\/blogs.correiobraziliense.com.br\/servidor\/wp-json\/wp\/v2\/users\/27"}],"replies":[{"embeddable":true,"href":"https:\/\/blogs.correiobraziliense.com.br\/servidor\/wp-json\/wp\/v2\/comments?post=14934"}],"version-history":[{"count":1,"href":"https:\/\/blogs.correiobraziliense.com.br\/servidor\/wp-json\/wp\/v2\/posts\/14934\/revisions"}],"predecessor-version":[{"id":14936,"href":"https:\/\/blogs.correiobraziliense.com.br\/servidor\/wp-json\/wp\/v2\/posts\/14934\/revisions\/14936"}],"wp:attachment":[{"href":"https:\/\/blogs.correiobraziliense.com.br\/servidor\/wp-json\/wp\/v2\/media?parent=14934"}],"wp:term":[{"taxonomy":"category","embeddable":true,"href":"https:\/\/blogs.correiobraziliense.com.br\/servidor\/wp-json\/wp\/v2\/categories?post=14934"},{"taxonomy":"post_tag","embeddable":true,"href":"https:\/\/blogs.correiobraziliense.com.br\/servidor\/wp-json\/wp\/v2\/tags?post=14934"}],"curies":[{"name":"wp","href":"https:\/\/api.w.org\/{rel}","templated":true}]}}