{"id":14926,"date":"2020-01-14T15:47:23","date_gmt":"2020-01-14T18:47:23","guid":{"rendered":"https:\/\/blogs.correiobraziliense.com.br\/servidor\/?p=14926"},"modified":"2020-01-14T15:47:23","modified_gmt":"2020-01-14T18:47:23","slug":"plenaria-definira-defesa-dos-servicos-publicos-no-df","status":"publish","type":"post","link":"https:\/\/blogs.correiobraziliense.com.br\/servidor\/plenaria-definira-defesa-dos-servicos-publicos-no-df\/","title":{"rendered":"Plen\u00e1ria definir\u00e1 defesa dos servi\u00e7os p\u00fablicos no DF"},"content":{"rendered":"<p><em>Na pr\u00f3xima quinta-feira (16), entidades sindicais locais e federais que representam o funcionalismo p\u00fablico e as Frentes Brasil Popular e Povo Sem Medo se re\u00fanem para organizar estrat\u00e9gias de luta em defesa dos servi\u00e7os p\u00fablicos. As a\u00e7\u00f5es deliberadas no encontro devem orientar as mobiliza\u00e7\u00f5es. A atividade acontece \u00e0s 10h, na sede da CUT DF<\/em><\/p>\n<p>Os servidores entendem que um dos principais projetos de Bolsonaro para atacar os servi\u00e7os p\u00fablicos \u00e9 o Plano Mais Brasil, composto por tr\u00eas Propostas de Emenda \u00e0 Constitui\u00e7\u00e3o (PECs): a PEC Emergencial (PEC 186\/2019), a PEC dos Fundos (PEC 187\/2019) e a PEC do Pacto Federativo (PEC 188\/2019).<\/p>\n<p>\u201cEntendemos que defender os servi\u00e7os p\u00fablicos \u00e9 uma luta extremamente importante e que deve envolver todas as categorias, al\u00e9m da sociedade civil. A soberania nacional est\u00e1 amea\u00e7ada e precisamos nos organizar em todos os espa\u00e7os para defend\u00ea-la\u201d, afirmou o presidente da CUT DF, Rodrigo Rodrigues.<\/p>\n<p>De forma geral, dizem os sindicalistas, as propostas foram pensadas para realizar uma esp\u00e9cie de reequil\u00edbrio fiscal \u00e0 custa da redu\u00e7\u00e3o da jornada e dos sal\u00e1rios do funcionalismo em at\u00e9 25%, da suspens\u00e3o de concursos, da proibi\u00e7\u00e3o de progress\u00f5es funcionais (exceto para militares, ju\u00edzes, membros do Minist\u00e9rio P\u00fablico, diplomatas e policiais), da flexibiliza\u00e7\u00e3o de investimento m\u00ednimo em sa\u00fade e educa\u00e7\u00e3o, entre outros ataques.<\/p>\n<p>Al\u00e9m do Plano Mais Brasil, o governo federal tamb\u00e9m investe em uma agenda de privatiza\u00e7\u00e3o das empresas estatais, colocando Correios, Banco do Brasil, Caixa Econ\u00f4mica Federal, Eletrobras, Serpro, Dataprev, Petrobras e v\u00e1rias outras empresas p\u00fablicas nas m\u00e3os do capital privado. No DF, o governador Ibaneis Rocha (MDB) segue a linha do governo federal e trabalha para que CEB, Metr\u00f4, Caesb e BRB \u2212 empresas fundamentais para o desenvolvimento do DF\u2212 deixem de ser patrim\u00f4nio do povo.<\/p>\n<p>&#8220;Os resultados desse nefasto projeto, como j\u00e1 comprovado em estudos e na experi\u00eancia de estados vizinhos, como Goi\u00e1s, atingem prioritariamente a sociedade, que passa a pagar mais caro por servi\u00e7os de menor qualidade t\u00e9cnica&#8221;, destaca a nota da entidade.<\/p>\n<p><strong>Mobiliza\u00e7\u00f5es<\/strong><\/p>\n<p>No dia 18 de mar\u00e7o, est\u00e1 prevista uma grande greve no servi\u00e7o p\u00fablico.<\/p>\n<p>Calend\u00e1rio de a\u00e7\u00f5es em defesa dos servi\u00e7os p\u00fablicos<\/p>\n<p><strong>24 de janeiro<\/strong><\/p>\n<p>No Dia Nacional do Aposentado, ser\u00e1 realizada a\u00e7\u00e3o na Pra\u00e7a dos Aposentados, no Conic, que refletir\u00e1 sobre a import\u00e2ncia dos servi\u00e7os p\u00fablicos para quem n\u00e3o est\u00e1 mais ativo nos postos de trabalho. Uma das principais demandas desse grupo \u00e9 o servi\u00e7o de sa\u00fade p\u00fablica, diante dos valores estratosf\u00e9ricos dos planos privados de sa\u00fade.<\/p>\n<p><strong>12 de fevereiro<\/strong><\/p>\n<p>Ato p\u00fablico no Audit\u00f3rio Nereu Ramos da C\u00e2mara dos Deputados para debater a import\u00e2ncia dos servi\u00e7os p\u00fablicos<\/p>\n<p><strong>21 de fevereiro<\/strong><\/p>\n<p>No per\u00edodo de carnaval, ser\u00e1 criado um bloco em defesa dos servi\u00e7os p\u00fablicos, que dialogar\u00e1 com a sociedade de forma criativa e descontra\u00edda sobre a import\u00e2ncia desses servi\u00e7os para a sociedade.<\/p>\n<p><strong>8 de mar\u00e7o<\/strong><\/p>\n<p>No Dia Internacional da Mulher, tamb\u00e9m ser\u00e1 pautada a defesa dos servi\u00e7os p\u00fablicos. De acordo com o SUS, as mulheres s\u00e3o as principais usu\u00e1rias desse sistema. Al\u00e9m disso, outros servi\u00e7os, como escolas p\u00fablicas, por exemplo, interferem diretamente da vida das mulheres.<\/p>\n<p><strong>18 de mar\u00e7o<\/strong><\/p>\n<p>Dia Nacional de Paralisa\u00e7\u00e3o Mobiliza\u00e7\u00e3o, Protesto e Greves<\/p>\n<p><em>Fonte<\/em>: CUT Bras\u00edlia<\/p>\n","protected":false},"excerpt":{"rendered":"<p>Na pr\u00f3xima quinta-feira (16), entidades sindicais locais e federais que representam o funcionalismo p\u00fablico e as Frentes Brasil Popular e Povo Sem Medo se re\u00fanem para organizar estrat\u00e9gias de luta em defesa dos servi\u00e7os p\u00fablicos. As a\u00e7\u00f5es deliberadas no encontro devem orientar as mobiliza\u00e7\u00f5es. A atividade acontece \u00e0s 10h, na sede da CUT DF Os servidores entendem que um dos [&hellip;]<\/p>\n","protected":false},"author":27,"featured_media":0,"comment_status":"open","ping_status":"closed","sticky":false,"template":"","format":"standard","meta":{"footnotes":""},"categories":[2719],"tags":[1463,999,16741,68,48,1727,862,16650,1623,16742,256,16743,962,1001,30,616,14379,58],"class_list":["post-14926","post","type-post","status-publish","format-standard","hentry","category-servidor","tag-capital","tag-cut","tag-defdesa","tag-df","tag-educacao","tag-estatais","tag-funcionais","tag-investimetno","tag-jornada","tag-plano-mais-brasil-pec","tag-plenaria","tag-preogressoes","tag-privado","tag-privatizacao","tag-salarios","tag-saude","tag-servicos-publicos","tag-servidores"],"_links":{"self":[{"href":"https:\/\/blogs.correiobraziliense.com.br\/servidor\/wp-json\/wp\/v2\/posts\/14926","targetHints":{"allow":["GET"]}}],"collection":[{"href":"https:\/\/blogs.correiobraziliense.com.br\/servidor\/wp-json\/wp\/v2\/posts"}],"about":[{"href":"https:\/\/blogs.correiobraziliense.com.br\/servidor\/wp-json\/wp\/v2\/types\/post"}],"author":[{"embeddable":true,"href":"https:\/\/blogs.correiobraziliense.com.br\/servidor\/wp-json\/wp\/v2\/users\/27"}],"replies":[{"embeddable":true,"href":"https:\/\/blogs.correiobraziliense.com.br\/servidor\/wp-json\/wp\/v2\/comments?post=14926"}],"version-history":[{"count":1,"href":"https:\/\/blogs.correiobraziliense.com.br\/servidor\/wp-json\/wp\/v2\/posts\/14926\/revisions"}],"predecessor-version":[{"id":14927,"href":"https:\/\/blogs.correiobraziliense.com.br\/servidor\/wp-json\/wp\/v2\/posts\/14926\/revisions\/14927"}],"wp:attachment":[{"href":"https:\/\/blogs.correiobraziliense.com.br\/servidor\/wp-json\/wp\/v2\/media?parent=14926"}],"wp:term":[{"taxonomy":"category","embeddable":true,"href":"https:\/\/blogs.correiobraziliense.com.br\/servidor\/wp-json\/wp\/v2\/categories?post=14926"},{"taxonomy":"post_tag","embeddable":true,"href":"https:\/\/blogs.correiobraziliense.com.br\/servidor\/wp-json\/wp\/v2\/tags?post=14926"}],"curies":[{"name":"wp","href":"https:\/\/api.w.org\/{rel}","templated":true}]}}