{"id":1492,"date":"2016-04-13T12:53:52","date_gmt":"2016-04-13T15:53:52","guid":{"rendered":"https:\/\/blogs.correiobraziliense.com.br\/servidor\/?p=1492"},"modified":"2016-04-13T12:53:52","modified_gmt":"2016-04-13T15:53:52","slug":"justica-rejeita-queixa-crime-contra-ex-presidente-da-fenapef","status":"publish","type":"post","link":"https:\/\/blogs.correiobraziliense.com.br\/servidor\/justica-rejeita-queixa-crime-contra-ex-presidente-da-fenapef\/","title":{"rendered":"JUSTI\u00c7A REJEITA QUEIXA-CRIME CONTRA EX-PRESIDENTE DA FENAPEF"},"content":{"rendered":"<p><em>TRF1 confirma rejei\u00e7\u00e3o de queixa-crime ajuizada pelo diretor-geral da PF contra ex-presidente da Federa\u00e7\u00e3o Nacional dos Policiais Federais (Fenapef) e mant\u00e9m direito de cr\u00edtica, informou a entidade<br \/>\n<\/em><\/p>\n<p>Por meio de nota, a Fenapef divulgou que, em julgamento, na \u00faltima quarta-feira (06), na Terceira Turma do Tribunal Regional Federal da 1\u00aa Regi\u00e3o, foi\u00a0 confirmada a tese defendida pela inexist\u00eancia de fato criminoso praticado pelo ex-presidente da Federa\u00e7\u00e3o, Jones Borges Leal, diante da republica\u00e7\u00e3o de mat\u00e9ria jornal\u00edstica no site da Fenapef.<\/p>\n<p>O objeto da queixa-crime apresentada, em 2014, pelo diretor-geral do Departamento de Pol\u00edcia Federal (DPF), Leandro Daiello Coimbra, contra o ex-presidente, tinha por base a publica\u00e7\u00e3o, em mat\u00e9ria relativa \u00e0s manifesta\u00e7\u00f5es naquele ano por todo o pa\u00eds, de fotografia de uma faixa com os dizeres: \u201cA fal\u00eancia da seguran\u00e7a p\u00fablica tem rosto\u201d, junto \u00e0s fotos de Daiello e do ex-ministro da Justi\u00e7a, Jos\u00e9 Eduardo Cardozo. Em primeira inst\u00e2ncia, contudo, a queixa-crime fora rejeitada, por aus\u00eancia de materialidade delitiva.<\/p>\n<p>Para o desembargador Ney Bello, relator do processo, restou unicamente configurado, no caso concreto, o <em>animus narrandi<\/em>, ou seja, a republica\u00e7\u00e3o feita no site da entidade tinha apenas cunho narrativo da quest\u00e3o, n\u00e3o se identificando qualquer \u00e2nimo de difamar ou injuriar o diretor geral de Pol\u00edcia Federal, raz\u00e3o pela qual n\u00e3o seria cab\u00edvel o acolhimento da queixa-crime.<\/p>\n<p>O advogado Danilo Prudente, da Federa\u00e7\u00e3o Nacional dos Policiais Federais, afirmou que \u201cficou clara a inten\u00e7\u00e3o da queixa-crime de combater a liberdade de express\u00e3o, de manifesta\u00e7\u00e3o e de informa\u00e7\u00e3o dos filiados, uma vez que evidente o \u00fanico intuito narrativo na publica\u00e7\u00e3o questionada, sem qualquer inten\u00e7\u00e3o difamat\u00f3ria ou injuriosa. Invi\u00e1vel, portanto, o recebimento da pe\u00e7a acusat\u00f3ria, o que demonstra o acerto no ac\u00f3rd\u00e3o da Terceira Turma\u201d.<\/p>\n<p>Para o diretor jur\u00eddico da Fenapef Adair Ferreira, a decis\u00e3o: \u201cdemonstra o caminho acertado adotado pelo l\u00edder sindical que visou apenas criticar e informar seus representados sem apresentar qualquer tra\u00e7o de pessoalidade na sua fala. Os gestores da PF devem aprender que n\u00e3o est\u00e3o acima do bem e do mal. \u201d<\/p>\n<p>Dessa forma, por aus\u00eancia do dolo espec\u00edfico necess\u00e1rio para a tipifica\u00e7\u00e3o da conduta, manteve-se o n\u00e3o recebimento da queixa-crime, de modo a nem mesmo se permitir o prosseguimento da a\u00e7\u00e3o penal contra Jones Borges Leal.<\/p>\n<p><a href=\"http:\/\/www.fenapef.org.br\/wp-content\/uploads\/2016\/04\/13-Rec.-Sent.-Estrito.-Acordao-TRF1.-Indeferimento.-050416.pdf\" target=\"_blank\" rel=\"\">Clique aqui para acessar a decis\u00e3o<\/a><\/p>\n","protected":false},"excerpt":{"rendered":"<p>TRF1 confirma rejei\u00e7\u00e3o de queixa-crime ajuizada pelo diretor-geral da PF contra ex-presidente da Federa\u00e7\u00e3o Nacional dos Policiais Federais (Fenapef) e mant\u00e9m direito de cr\u00edtica, informou a entidade Por meio de nota, a Fenapef divulgou que, em julgamento, na \u00faltima quarta-feira (06), na Terceira Turma do Tribunal Regional Federal da 1\u00aa Regi\u00e3o, foi\u00a0 confirmada a tese defendida pela inexist\u00eancia de fato [&hellip;]<\/p>\n","protected":false},"author":27,"featured_media":0,"comment_status":"open","ping_status":"closed","sticky":false,"template":"","format":"standard","meta":{"footnotes":""},"categories":[1],"tags":[177,1731,1106,1736,107,1735,1730,260,1732,1734,1493,1733,1729,1728,1737,208],"class_list":["post-1492","post","type-post","status-publish","format-standard","hentry","category-sem-categoria","tag-contra","tag-dpf","tag-ex-presidente","tag-falencia","tag-fenapef","tag-fotografia","tag-jones-borges-leal","tag-justica","tag-leandro-daiello-coimbra","tag-manifestacoes","tag-materia","tag-publicacao","tag-queixa-crime","tag-rejeita","tag-rosto","tag-seguranca"],"_links":{"self":[{"href":"https:\/\/blogs.correiobraziliense.com.br\/servidor\/wp-json\/wp\/v2\/posts\/1492","targetHints":{"allow":["GET"]}}],"collection":[{"href":"https:\/\/blogs.correiobraziliense.com.br\/servidor\/wp-json\/wp\/v2\/posts"}],"about":[{"href":"https:\/\/blogs.correiobraziliense.com.br\/servidor\/wp-json\/wp\/v2\/types\/post"}],"author":[{"embeddable":true,"href":"https:\/\/blogs.correiobraziliense.com.br\/servidor\/wp-json\/wp\/v2\/users\/27"}],"replies":[{"embeddable":true,"href":"https:\/\/blogs.correiobraziliense.com.br\/servidor\/wp-json\/wp\/v2\/comments?post=1492"}],"version-history":[{"count":1,"href":"https:\/\/blogs.correiobraziliense.com.br\/servidor\/wp-json\/wp\/v2\/posts\/1492\/revisions"}],"predecessor-version":[{"id":1493,"href":"https:\/\/blogs.correiobraziliense.com.br\/servidor\/wp-json\/wp\/v2\/posts\/1492\/revisions\/1493"}],"wp:attachment":[{"href":"https:\/\/blogs.correiobraziliense.com.br\/servidor\/wp-json\/wp\/v2\/media?parent=1492"}],"wp:term":[{"taxonomy":"category","embeddable":true,"href":"https:\/\/blogs.correiobraziliense.com.br\/servidor\/wp-json\/wp\/v2\/categories?post=1492"},{"taxonomy":"post_tag","embeddable":true,"href":"https:\/\/blogs.correiobraziliense.com.br\/servidor\/wp-json\/wp\/v2\/tags?post=1492"}],"curies":[{"name":"wp","href":"https:\/\/api.w.org\/{rel}","templated":true}]}}