{"id":14917,"date":"2020-01-14T12:18:08","date_gmt":"2020-01-14T15:18:08","guid":{"rendered":"https:\/\/blogs.correiobraziliense.com.br\/servidor\/?p=14917"},"modified":"2020-01-14T12:18:08","modified_gmt":"2020-01-14T15:18:08","slug":"servidores-federais-exemplo-dos-franceses-como-incentivo-para-defesa-de-direitos","status":"publish","type":"post","link":"https:\/\/blogs.correiobraziliense.com.br\/servidor\/servidores-federais-exemplo-dos-franceses-como-incentivo-para-defesa-de-direitos\/","title":{"rendered":"Servidores federais &#8211; Exemplo dos franceses como incentivo para defesa de direitos"},"content":{"rendered":"<p><em>V\u00eddeo que circula das redes sociais destaca que &#8220;soou o alarme e o momento \u00e9 agora&#8221;. J\u00e1 come\u00e7a com a provoca\u00e7\u00e3o: &#8220;que tal seguirmos o exemplo dos franceses em 2020? Vamos ficar esperando nossa aniquila\u00e7\u00e3o total?&#8221;. Na publica\u00e7\u00e3o, que faz uma montagem com v\u00e1rios momentos dos protestos na Fran\u00e7a, o autor lembra que o ano de 2020 trar\u00e1 grandes perdas, como redu\u00e7\u00e3o de jornada e de sal\u00e1rios, remunera\u00e7\u00f5es e aposentadorias defasadas e cortes no or\u00e7amento. &#8220;N\u00e3o desistiremos&#8221;, refor\u00e7a o material divulgado, com base na can\u00e7\u00e3o \u201cOn l\u00e2che rien!\u201d N\u00f3s n\u00e3o vamos desistir! que \u00e9 o lema que resume o esp\u00edrito de determina\u00e7\u00e3o dos trabalhadores e da juventude francesa no combate \u00e0 contrarreforma trabalhista<\/em><\/p>\n<p>https:\/\/www.youtube.com\/watch?v=C4x0qYclPk0<\/p>\n<div>\n<div class=\"langsmall-song\">\n<div class=\"info-line-left\"><em><strong><span class=\"mobile-hide\">On l\u00e2che rien &#8211; Tradu\u00e7\u00e3o para Portugu\u00eas<\/span><\/strong><\/em><\/div>\n<\/div>\n<h2 class=\"title-h2\">N\u00f3s n\u00e3o vamos desistir<\/h2>\n<div class=\"ltf\">\n<div class=\"par\">\n<div class=\"ll-0-1\">Do fundo da periferia<\/div>\n<div class=\"ll-0-2\">At\u00e9 no campo distante<\/div>\n<div class=\"ll-0-3\">Nossa realidade \u00e9 a mesma<\/div>\n<div class=\"ll-0-4\">E a revolta s\u00f3 aumenta<\/div>\n<div class=\"ll-0-5\">N\u00e3o temos o nosso lugar<\/div>\n<div class=\"ll-0-6\">N\u00e3o temos cara para um emprego<\/div>\n<div class=\"ll-0-7\">N\u00e3o nascemos em um pal\u00e1cio<\/div>\n<div class=\"ll-0-8\">Papai n\u00e3o nos deu um cart\u00e3o<\/div>\n<\/div>\n<div class=\"emptyline\"><\/div>\n<div class=\"par\">\n<div class=\"ll-1-1\">Desabrigados, desempregados<\/div>\n<div class=\"ll-1-2\">Camponeses, imigrantes<\/div>\n<div class=\"ll-1-3\">Quiseram nos dividir<\/div>\n<div class=\"ll-1-4\">E quase conseguiram<\/div>\n<div class=\"ll-1-5\">Se for cada um por s\u00ed<\/div>\n<div class=\"ll-1-6\">O sistema deles vai prosperar<\/div>\n<div class=\"ll-1-7\">Mas precisamos acordar<\/div>\n<div class=\"ll-1-8\">E as cabe\u00e7as v\u00e3o rolar<\/div>\n<\/div>\n<div class=\"emptyline\"><\/div>\n<div class=\"par\">\n<div class=\"ll-2-1\"><strong>Refr\u00e3o<\/strong>:<\/div>\n<div class=\"ll-2-2\">N\u00f3s n\u00e3o vamos desistir!<\/div>\n<div class=\"ll-2-3\">N\u00f3s n\u00e3o vamos desistir!<\/div>\n<div class=\"ll-2-4\">N\u00f3s n\u00e3o vamos desistir!<\/div>\n<div class=\"ll-2-5\">N\u00f3s n\u00e3o vamos desistir!<\/div>\n<div class=\"ll-2-6\">N\u00f3s n\u00e3o vamos desistir!<\/div>\n<\/div>\n<div class=\"emptyline\"><\/div>\n<div class=\"par\">\n<div class=\"ll-3-1\">Eles falavam de igualdade que<\/div>\n<div class=\"ll-3-2\">e como tolos n\u00f3s acreditamos neles<\/div>\n<div class=\"ll-3-3\">A democracia faz-me rir<\/div>\n<div class=\"ll-3-4\">se a gente sabia que era o caixa<\/div>\n<div class=\"ll-3-5\">o que conta \u00e9 o boletim do nosso voto<\/div>\n<div class=\"ll-3-6\">na frente da legisla\u00e7\u00e3o relativa ao mercado<\/div>\n<div class=\"ll-3-7\">\u00e9 caros compatriotas tolos, mas estamos absolutamente fodidos<\/div>\n<div class=\"ll-3-8\">O que vale os direitos humanos \u00e0 venda de um airbus?<\/div>\n<div class=\"ll-3-9\">no interior, h\u00e1 apenas uma regra<\/div>\n<div class=\"ll-3-10\">n\u00f3s vendemos a n\u00f3s mesmos, para que possamos vender mais<\/div>\n<div class=\"ll-3-11\">A rep\u00fablica est\u00e1 se prostituindo na frente de ditadores<\/div>\n<div class=\"ll-3-12\">n\u00e3o fala doce, n\u00e3o vamos acreditar mais<\/div>\n<div class=\"ll-3-13\">nossos l\u00edderes s\u00e3o mentirosos<\/div>\n<\/div>\n<div class=\"emptyline\"><\/div>\n<div class=\"par\">\n<div class=\"ll-4-1\">REFR\u00c3O<\/div>\n<div class=\"ll-4-2\">\u00c9 t\u00e3o est\u00fapido, t\u00e3o comum<\/div>\n<div class=\"ll-4-3\">para falar de paz, fraternidade<\/div>\n<div class=\"ll-4-4\">quando os sem-teto morrem na laje<\/div>\n<div class=\"ll-4-5\">N\u00f3s lideramos ca\u00e7a aos imigrantes<\/div>\n<div class=\"ll-4-6\">Migalhas lan\u00e7adas para o proletariado<\/div>\n<div class=\"ll-4-7\">Hist\u00f3ria apenas para acalm\u00e1-los<\/div>\n<div class=\"ll-4-8\">eles n\u00e3o v\u00e3o atacar chefes de milion\u00e1rios<\/div>\n<div class=\"ll-4-9\">preciosos demais para a nossa sociedade<\/div>\n<div class=\"ll-4-10\">Incr\u00edvel como eles s\u00e3o protegidos, enquanto a nossa rica e poderosa sociedade<\/div>\n<div class=\"ll-4-11\">N\u00e3o h\u00e1 nada para dizer que pode ajudar<\/div>\n<div class=\"ll-4-12\">para ser um amigo do presidente<\/div>\n<div class=\"ll-4-13\">Caros camaradas, caros eleitores,<\/div>\n<div class=\"ll-4-14\">queridos cidad\u00e3os consumidores<\/div>\n<div class=\"ll-4-15\">Soou o alarme no momento em que \u00e9<\/div>\n<div class=\"ll-4-16\">Para zerar os contadores<\/div>\n<\/div>\n<div class=\"emptyline\"><\/div>\n<div class=\"par\">\n<div class=\"ll-5-1\">Enquanto h\u00e1 luta, h\u00e1 esperan\u00e7a<\/div>\n<div class=\"ll-5-2\">Enquanto h\u00e1 vida, h\u00e1 combates<\/div>\n<div class=\"ll-5-3\">E tanto n\u00f3s batemos que estamos em p\u00e9<\/div>\n<div class=\"ll-5-4\">E quando estamos de p\u00e9 n\u00e3o nos rendemos<\/div>\n<div class=\"ll-5-5\">A raiva para vencer pulsa em nossas veias<\/div>\n<div class=\"ll-5-6\">Agora voc\u00ea sabe por que estamos lutando<\/div>\n<div class=\"ll-5-7\">Nosso ideal supera o sonho<\/div>\n<div class=\"ll-5-8\">Um outro mundo, n\u00f3s n\u00e3o temos op\u00e7\u00e3o<\/div>\n<\/div>\n<\/div>\n<p><a href=\"https:\/\/lyricstranslate.com\/pt-br\/lache-rien-n%C3%B3s-n%C3%A3o-vamos-desistir.html\">https:\/\/lyricstranslate.com<\/a><\/div>\n","protected":false},"excerpt":{"rendered":"<p>V\u00eddeo que circula das redes sociais destaca que &#8220;soou o alarme e o momento \u00e9 agora&#8221;. J\u00e1 come\u00e7a com a provoca\u00e7\u00e3o: &#8220;que tal seguirmos o exemplo dos franceses em 2020? Vamos ficar esperando nossa aniquila\u00e7\u00e3o total?&#8221;. Na publica\u00e7\u00e3o, que faz uma montagem com v\u00e1rios momentos dos protestos na Fran\u00e7a, o autor lembra que o ano de 2020 trar\u00e1 grandes perdas, [&hellip;]<\/p>\n","protected":false},"author":27,"featured_media":0,"comment_status":"open","ping_status":"closed","sticky":false,"template":"","format":"standard","meta":{"footnotes":""},"categories":[2719],"tags":[16736,16737,2055,2395,1201,619,6704,4869,16734,1597,1623,10929,318,668,555,4424,30,9777,16735],"class_list":["post-14917","post","type-post","status-publish","format-standard","hentry","category-servidor","tag-alerma","tag-aniquilacao","tag-aposentadorias","tag-cortes","tag-defesa","tag-direitos","tag-exemplo","tag-franca","tag-franceses","tag-incentivo","tag-jornada","tag-montagem","tag-orcamento","tag-perdas","tag-protestos","tag-remuneracoes","tag-salarios","tag-servidores-federais","tag-vidou"],"_links":{"self":[{"href":"https:\/\/blogs.correiobraziliense.com.br\/servidor\/wp-json\/wp\/v2\/posts\/14917","targetHints":{"allow":["GET"]}}],"collection":[{"href":"https:\/\/blogs.correiobraziliense.com.br\/servidor\/wp-json\/wp\/v2\/posts"}],"about":[{"href":"https:\/\/blogs.correiobraziliense.com.br\/servidor\/wp-json\/wp\/v2\/types\/post"}],"author":[{"embeddable":true,"href":"https:\/\/blogs.correiobraziliense.com.br\/servidor\/wp-json\/wp\/v2\/users\/27"}],"replies":[{"embeddable":true,"href":"https:\/\/blogs.correiobraziliense.com.br\/servidor\/wp-json\/wp\/v2\/comments?post=14917"}],"version-history":[{"count":1,"href":"https:\/\/blogs.correiobraziliense.com.br\/servidor\/wp-json\/wp\/v2\/posts\/14917\/revisions"}],"predecessor-version":[{"id":14918,"href":"https:\/\/blogs.correiobraziliense.com.br\/servidor\/wp-json\/wp\/v2\/posts\/14917\/revisions\/14918"}],"wp:attachment":[{"href":"https:\/\/blogs.correiobraziliense.com.br\/servidor\/wp-json\/wp\/v2\/media?parent=14917"}],"wp:term":[{"taxonomy":"category","embeddable":true,"href":"https:\/\/blogs.correiobraziliense.com.br\/servidor\/wp-json\/wp\/v2\/categories?post=14917"},{"taxonomy":"post_tag","embeddable":true,"href":"https:\/\/blogs.correiobraziliense.com.br\/servidor\/wp-json\/wp\/v2\/tags?post=14917"}],"curies":[{"name":"wp","href":"https:\/\/api.w.org\/{rel}","templated":true}]}}