{"id":14915,"date":"2020-01-14T11:13:37","date_gmt":"2020-01-14T14:13:37","guid":{"rendered":"https:\/\/blogs.correiobraziliense.com.br\/servidor\/?p=14915"},"modified":"2020-01-14T11:13:37","modified_gmt":"2020-01-14T14:13:37","slug":"cronograma-dos-principais-programas-do-mec-para-acesso-ao-ensino-superior","status":"publish","type":"post","link":"https:\/\/blogs.correiobraziliense.com.br\/servidor\/cronograma-dos-principais-programas-do-mec-para-acesso-ao-ensino-superior\/","title":{"rendered":"Cronograma dos principais programas do MEC para acesso ao ensino superior"},"content":{"rendered":"<p><em>Sisu, ProUni e Fies j\u00e1 est\u00e3o com os calend\u00e1rios definidos para 2020; nota do Enem \u00e9 base para inclus\u00e3o nas iniciativas<\/em><\/p>\n<p>Quem estiver de olho em uma vaga para cursar o ensino superior em 2020 tem que ficar atento. Os tr\u00eas principais programas do Minist\u00e9rio da Educa\u00e7\u00e3o (MEC) para ingresso a universidades j\u00e1 est\u00e3o com os cronogramas definidos.<\/p>\n<p>Foram divulgados os editais com as datas do Sistema de Sele\u00e7\u00e3o Unificada (Sisu), do Programa Universidade para Todos (Prouni) e do Fundo de Financiamento Estudantil (Fies).<\/p>\n<p>Para concorrer a vagas pelos programas, o candidato deve utilizar as notas do Exame Nacional do Ensino M\u00e9dio (Enem), que ter\u00e1 resultado divulgado no dia 17 de janeiro.Fique atento e n\u00e3o perca nenhuma data importante para o seu futuro:<\/p>\n<p><strong>Sisu<\/strong><\/p>\n<p>O estudante que participou do Enem de 2019 e quer estudar em institui\u00e7\u00f5es de ensino superior p\u00fablicas pode realizar a inscri\u00e7\u00e3o no Sisu no primeiro semestre de 2020. Para concorrer a uma vaga pelo programa, \u00e9 preciso ter nota acima de zero na reda\u00e7\u00e3o. Confira o cronograma:<\/p>\n<p>inscri\u00e7\u00f5es: de 21 de janeiro at\u00e9 as 23h59 de 24 de janeiro;<br \/>\ndivulga\u00e7\u00e3o dos resultados: 28 de janeiro;<br \/>\nmatr\u00edcula ou registro acad\u00eamico nas institui\u00e7\u00f5es participantes: at\u00e9 4 de fevereiro;<br \/>\nlan\u00e7amento da ocupa\u00e7\u00e3o nas vagas pelas institui\u00e7\u00f5es participantes: at\u00e9 7 de fevereiro;<br \/>\nmanifesta\u00e7\u00e3o de interesse para constar na lista de espera: at\u00e9 as 23h59 de 4 de fevereiro.<\/p>\n<p><strong>ProUni<\/strong><\/p>\n<p>O estudante que deseja ingressar em institui\u00e7\u00f5es privadas de ensino superior pode concorrer a bolsas integrais (100%) e parciais (50%) por meio do ProUni. Para concorrer, o estudante deve ter obtido m\u00e9dia de ao menos 450 pontos e n\u00e3o ter zerado a reda\u00e7\u00e3o no Enem. Confira o cronograma:<\/p>\n<p>inscri\u00e7\u00f5es: 28 de janeiro a 31 de janeiro;<br \/>\ndivulga\u00e7\u00e3o do resultado da primeira chamada: 4 de fevereiro;<br \/>\ncomprova\u00e7\u00e3o das informa\u00e7\u00f5es e eventual processo seletivo pr\u00f3prio das institui\u00e7\u00f5es (primeira chamada): 4 a 11 de fevereiro;<br \/>\nregistro no SisProuni e emiss\u00e3o dos termos pelas institui\u00e7\u00f5es (primeira chamada): 4 a 14 de fevereiro;<br \/>\ndivulga\u00e7\u00e3o dos resultados da segunda chamada: 18 de fevereiro;<br \/>\ncomprova\u00e7\u00e3o das informa\u00e7\u00f5es e eventual processo seletivo pr\u00f3prio das institui\u00e7\u00f5es (segunda chamada): 18 a 28 de fevereiro;<br \/>\nregistro no SisProuni e emiss\u00e3o dos termos pelas institui\u00e7\u00f5es (segunda chamada): 18 de fevereiro a 3 de mar\u00e7o.<\/p>\n<p><strong>Fies<\/strong><\/p>\n<p>O estudante tamb\u00e9m pode concorrer a uma vaga no ensino superior pelo Fies. O programa est\u00e1 dividido em duas modalidades: juros zero a quem mais precisa (renda familiar de at\u00e9 tr\u00eas sal\u00e1rios m\u00ednimos por pessoa) e escala de financiamento que varia conforme a renda familiar do candidato.<\/p>\n<p>inscri\u00e7\u00f5es: 5 de fevereiro at\u00e9 as 23h59 de 12 de fevereiro;<br \/>\ndivulga\u00e7\u00e3o dos resultados: 26 de fevereiro;<br \/>\ncomplementa\u00e7\u00e3o da inscri\u00e7\u00e3o no Fies Sele\u00e7\u00e3o pelos candidatos pr\u00e9-selecionados na modalidade Fies: 27 de fevereiro at\u00e9 as 23h59 de 2 de mar\u00e7o;<br \/>\npr\u00e9-sele\u00e7\u00e3o em lista de espera: 28 de fevereiro at\u00e9 as 23h59 de 31 de mar\u00e7o.<\/p>\n<p><em>Fonte<\/em>: Dyelle Menezes, do Portal MEC<\/p>\n","protected":false},"excerpt":{"rendered":"<p>Sisu, ProUni e Fies j\u00e1 est\u00e3o com os calend\u00e1rios definidos para 2020; nota do Enem \u00e9 base para inclus\u00e3o nas iniciativas Quem estiver de olho em uma vaga para cursar o ensino superior em 2020 tem que ficar atento. Os tr\u00eas principais programas do Minist\u00e9rio da Educa\u00e7\u00e3o (MEC) para ingresso a universidades j\u00e1 est\u00e3o com os cronogramas definidos. Foram divulgados [&hellip;]<\/p>\n","protected":false},"author":27,"featured_media":0,"comment_status":"open","ping_status":"closed","sticky":false,"template":"","format":"standard","meta":{"footnotes":""},"categories":[2719],"tags":[84,16733,2695,797,4159,9855,4707,1291,392,1061,37,1636,4880,1633,1292,4859,6012,421],"class_list":["post-14915","post","type-post","status-publish","format-standard","hentry","category-servidor","tag-acesso","tag-calendarios","tag-candidato","tag-cronograma","tag-enem","tag-ensino-superior","tag-fies","tag-inscricao","tag-mec","tag-media","tag-nota","tag-programas","tag-prouni","tag-publicas","tag-redacao","tag-sisu","tag-universidades","tag-vaga"],"_links":{"self":[{"href":"https:\/\/blogs.correiobraziliense.com.br\/servidor\/wp-json\/wp\/v2\/posts\/14915","targetHints":{"allow":["GET"]}}],"collection":[{"href":"https:\/\/blogs.correiobraziliense.com.br\/servidor\/wp-json\/wp\/v2\/posts"}],"about":[{"href":"https:\/\/blogs.correiobraziliense.com.br\/servidor\/wp-json\/wp\/v2\/types\/post"}],"author":[{"embeddable":true,"href":"https:\/\/blogs.correiobraziliense.com.br\/servidor\/wp-json\/wp\/v2\/users\/27"}],"replies":[{"embeddable":true,"href":"https:\/\/blogs.correiobraziliense.com.br\/servidor\/wp-json\/wp\/v2\/comments?post=14915"}],"version-history":[{"count":1,"href":"https:\/\/blogs.correiobraziliense.com.br\/servidor\/wp-json\/wp\/v2\/posts\/14915\/revisions"}],"predecessor-version":[{"id":14916,"href":"https:\/\/blogs.correiobraziliense.com.br\/servidor\/wp-json\/wp\/v2\/posts\/14915\/revisions\/14916"}],"wp:attachment":[{"href":"https:\/\/blogs.correiobraziliense.com.br\/servidor\/wp-json\/wp\/v2\/media?parent=14915"}],"wp:term":[{"taxonomy":"category","embeddable":true,"href":"https:\/\/blogs.correiobraziliense.com.br\/servidor\/wp-json\/wp\/v2\/categories?post=14915"},{"taxonomy":"post_tag","embeddable":true,"href":"https:\/\/blogs.correiobraziliense.com.br\/servidor\/wp-json\/wp\/v2\/tags?post=14915"}],"curies":[{"name":"wp","href":"https:\/\/api.w.org\/{rel}","templated":true}]}}