{"id":14833,"date":"2020-01-07T16:12:06","date_gmt":"2020-01-07T19:12:06","guid":{"rendered":"https:\/\/blogs.correiobraziliense.com.br\/servidor\/?p=14833"},"modified":"2020-01-07T17:27:42","modified_gmt":"2020-01-07T20:27:42","slug":"pilotos-da-azul-se-unem-a-movimento-de-funcionarios-e-anunciam-manifestacao","status":"publish","type":"post","link":"https:\/\/blogs.correiobraziliense.com.br\/servidor\/pilotos-da-azul-se-unem-a-movimento-de-funcionarios-e-anunciam-manifestacao\/","title":{"rendered":"Pilotos da Azul se unem a movimento de funcion\u00e1rios e anunciam manifesta\u00e7\u00e3o"},"content":{"rendered":"<p><em>O ano come\u00e7a com atos de protesto dos comandantes. O grupo de pilotos da Azul Linhas A\u00e9reas far\u00e1 mais uma manifesta\u00e7\u00e3o de protesto contra a companhia, no aeroporto de Viracopos, na pr\u00f3xima quinta-feira, dia 9 de janeiro<\/em><\/p>\n<p>Ap\u00f3s as manifesta\u00e7\u00f5es dos copilotos da empresa, que levaram centenas de tripulantes aos aeroportos de Viracopos, no dia 19 de dezembro, e de Congonhas, no dia 20 de dezembro, agora os comandantes da Azul juntam-se ao movimento.<\/p>\n<p>Os pilotos reivindicam que a companhia valorize seus profissionais, com melhores condi\u00e7\u00f5es gerais de trabalho, readequa\u00e7\u00f5es salariais e um plano justo de promo\u00e7\u00f5es, respeitando os profissionais que est\u00e3o na casa.<\/p>\n<p>O Sindicato Nacional dos Aeronautas ressalta que n\u00e3o haver\u00e1 nenhum tipo bloqueio de acessos ou de passagens e que, neste momento, n\u00e3o se trata de um movimento grevista. Ou seja, n\u00e3o haver\u00e1 paralisa\u00e7\u00e3o de voos.<\/p>\n<p>O grupo de pilotos da Azul espera que a companhia d\u00ea uma resposta satisfat\u00f3ria para as reivindica\u00e7\u00f5es. Caso n\u00e3o haja di\u00e1logo com a empresa, a categoria decidir\u00e1 em assembleia quais ser\u00e3o seus pr\u00f3ximos passos.<\/p>\n<p><strong>Valoriza\u00e7\u00e3o<\/strong><\/p>\n<p>No ano passado, os copilotos da Azul reivindicavam valoriza\u00e7\u00e3o dos profissionais e medidas para evitar as injusti\u00e7as. Isso porque os copilotos da casa foram preteridos no momento da promo\u00e7\u00e3o em favor da contrata\u00e7\u00e3o de comandantes de fora. De acordo com o SNA, &#8220;a Azul tem hoje a pior pol\u00edtica de remunera\u00e7\u00e3o para copilotos entre todas as cong\u00eaneres do pa\u00eds, com a maior defasagem entre copiloto e comandante \u2014paga, inclusive, um dos mais baixos sal\u00e1rios para a fun\u00e7\u00e3o de copiloto do mundo&#8221;.<\/p>\n<p><strong>Manifesta\u00e7\u00e3o Viracopos \u2013 Campinas<\/strong><br \/>\nData: 9\/1\/2020<br \/>\nHor\u00e1rio: a partir das 17h<\/p>\n","protected":false},"excerpt":{"rendered":"<p>O ano come\u00e7a com atos de protesto dos comandantes. O grupo de pilotos da Azul Linhas A\u00e9reas far\u00e1 mais uma manifesta\u00e7\u00e3o de protesto contra a companhia, no aeroporto de Viracopos, na pr\u00f3xima quinta-feira, dia 9 de janeiro Ap\u00f3s as manifesta\u00e7\u00f5es dos copilotos da empresa, que levaram centenas de tripulantes aos aeroportos de Viracopos, no dia 19 de dezembro, e de [&hellip;]<\/p>\n","protected":false},"author":27,"featured_media":14835,"comment_status":"open","ping_status":"closed","sticky":false,"template":"","format":"standard","meta":{"footnotes":""},"categories":[2719],"tags":[675,651,16587,16676,11060,16674,516,1075,6182,718,16677,16675],"class_list":["post-14833","post","type-post","status-publish","format-standard","has-post-thumbnail","hentry","category-servidor","tag-aeroporto","tag-atos","tag-azul","tag-campinas","tag-comandantes","tag-manifestao","tag-pilotos","tag-profissionais","tag-promocoes","tag-protesto","tag-sindicato-nacional-dos-aeronautas","tag-viracopos"],"_links":{"self":[{"href":"https:\/\/blogs.correiobraziliense.com.br\/servidor\/wp-json\/wp\/v2\/posts\/14833","targetHints":{"allow":["GET"]}}],"collection":[{"href":"https:\/\/blogs.correiobraziliense.com.br\/servidor\/wp-json\/wp\/v2\/posts"}],"about":[{"href":"https:\/\/blogs.correiobraziliense.com.br\/servidor\/wp-json\/wp\/v2\/types\/post"}],"author":[{"embeddable":true,"href":"https:\/\/blogs.correiobraziliense.com.br\/servidor\/wp-json\/wp\/v2\/users\/27"}],"replies":[{"embeddable":true,"href":"https:\/\/blogs.correiobraziliense.com.br\/servidor\/wp-json\/wp\/v2\/comments?post=14833"}],"version-history":[{"count":3,"href":"https:\/\/blogs.correiobraziliense.com.br\/servidor\/wp-json\/wp\/v2\/posts\/14833\/revisions"}],"predecessor-version":[{"id":14837,"href":"https:\/\/blogs.correiobraziliense.com.br\/servidor\/wp-json\/wp\/v2\/posts\/14833\/revisions\/14837"}],"wp:featuredmedia":[{"embeddable":true,"href":"https:\/\/blogs.correiobraziliense.com.br\/servidor\/wp-json\/wp\/v2\/media\/14835"}],"wp:attachment":[{"href":"https:\/\/blogs.correiobraziliense.com.br\/servidor\/wp-json\/wp\/v2\/media?parent=14833"}],"wp:term":[{"taxonomy":"category","embeddable":true,"href":"https:\/\/blogs.correiobraziliense.com.br\/servidor\/wp-json\/wp\/v2\/categories?post=14833"},{"taxonomy":"post_tag","embeddable":true,"href":"https:\/\/blogs.correiobraziliense.com.br\/servidor\/wp-json\/wp\/v2\/tags?post=14833"}],"curies":[{"name":"wp","href":"https:\/\/api.w.org\/{rel}","templated":true}]}}