{"id":14822,"date":"2020-01-07T12:22:07","date_gmt":"2020-01-07T15:22:07","guid":{"rendered":"https:\/\/blogs.correiobraziliense.com.br\/servidor\/?p=14822"},"modified":"2020-01-07T12:22:07","modified_gmt":"2020-01-07T15:22:07","slug":"concursos-mp-possiveis-editais-para-ministerios-publicos-em-2020","status":"publish","type":"post","link":"https:\/\/blogs.correiobraziliense.com.br\/servidor\/concursos-mp-possiveis-editais-para-ministerios-publicos-em-2020\/","title":{"rendered":"Concursos MP: poss\u00edveis editais para Minist\u00e9rios P\u00fablicos em 2020"},"content":{"rendered":"<p><em>Levantamento do Gran Cursos Online traz oportunidades previstas para cargos de n\u00edveis m\u00e9dio e superior no ano de 2020 em todos os Minist\u00e9rios P\u00fablicos do pa\u00eds. Sal\u00e1rios b\u00e1sicos de at\u00e9 R$ 11 mil e R$ 23 mil, dependendo do cargo<\/em><\/p>\n<p>Ingressar no Minist\u00e9rio P\u00fablico estadual ou federal \u00e9 o sonho de grande parte dos concurseiros. Al\u00e9m do n\u00famero de vagas bastante atrativo, que tradicionalmente \u00e9 direcionado a candidatos de n\u00edveis m\u00e9dio e superior, s\u00e3o excelentes as remunera\u00e7\u00f5es e benef\u00edcios.<\/p>\n<p>Um servidor do Minist\u00e9rio P\u00fablico da Uni\u00e3o, por exemplo, pode ter o sal\u00e1rio b\u00e1sico de at\u00e9 R$ 11 mil mensais. J\u00e1 a carreira de Procurador, destinada apenas aos candidatos de n\u00edvel superior, reserva vencimentos b\u00e1sicos que podem ultrapassar o valor de R$ 23 mil.<\/p>\n<p>Por se tratar de uma institui\u00e7\u00e3o permanente, essencial \u00e0 fun\u00e7\u00e3o jurisdicional do Estado, respons\u00e1vel pela defesa da ordem jur\u00eddica, do regime democr\u00e1tico e dos interesses sociais, os concursos para o \u00f3rg\u00e3o proporcionam aos concurseiros a possibilidade de concorrer \u00e0s vagas em unidades de todos os estados do pa\u00eds.<\/p>\n<p><strong>Confira o levantamento do Gran Cursos Online com as principais oportunidades previstas para Minist\u00e9rios P\u00fablicos em 2020:<\/strong><\/p>\n<p>Minist\u00e9rio P\u00fablico do Estado do Esp\u00edrito Santo &#8211; Um novo concurso para a carreira de Procurador do Minist\u00e9rio P\u00fablico do Estado do Esp\u00edrito Santo est\u00e1 no planejamento or\u00e7ament\u00e1rio do Estado para o ano de 2020. O MP ES n\u00e3o realiza novos concursos desde 2013, quando ofertou em seu \u00faltimo edital com 97 vagas para cargos de n\u00edveis m\u00e9dio, t\u00e9cnico e superior.<\/p>\n<p>Minist\u00e9rio P\u00fablico do Estado do Par\u00e1 &#8211; O Minist\u00e9rio P\u00fablico do Estado do Par\u00e1 estava com o edital previsto para novembro de 2019, mas devido a quest\u00f5es organizacionais entre o \u00f3rg\u00e3o e outros concursos do Estado, o certame foi adiado, mas est\u00e1 previsto ainda para o primeiro semestre de 2020. Ser\u00e3o 15 vagas imediatas, al\u00e9m de 150 para forma\u00e7\u00e3o de cadastro de reserva. O Centro de Extens\u00e3o, Treinamento e Aperfei\u00e7oamento \u2013 CETAP \u00e9 banca organizadora do certame.<\/p>\n<p>Minist\u00e9rio P\u00fablico de Contas do Estado de Santa Catarina &#8211; Um novo concurso para o Minist\u00e9rio P\u00fablico de Contas de Santa Catarina tamb\u00e9m dever\u00e1 ser publicado em 2020. A comiss\u00e3o organizadora respons\u00e1vel por levantar as informa\u00e7\u00f5es necess\u00e1rias sobre o quadro de vagas e demais informa\u00e7\u00f5es do edital j\u00e1 est\u00e1 formada. As vagas ser\u00e3o para o cargo de Procurador de Contas e para cargos do quadro de pessoal da institui\u00e7\u00e3o.<\/p>\n<p>Minist\u00e9rio P\u00fablico do Estado de Sergipe &#8211; O Minist\u00e9rio P\u00fablico de Sergipe havia anunciado um novo concurso para o segundo semestre de 2019, mas devido quest\u00f5es or\u00e7ament\u00e1rias o \u00f3rg\u00e3o resolveu adiar as novas contrata\u00e7\u00f5es para o ano de 2020. O MP SE n\u00e3o faz novo concurso desde 2013. A expectativa \u00e9 de que sejam ofertadas vagas para candidatos de n\u00edveis m\u00e9dio e superior.<\/p>\n","protected":false},"excerpt":{"rendered":"<p>Levantamento do Gran Cursos Online traz oportunidades previstas para cargos de n\u00edveis m\u00e9dio e superior no ano de 2020 em todos os Minist\u00e9rios P\u00fablicos do pa\u00eds. Sal\u00e1rios b\u00e1sicos de at\u00e9 R$ 11 mil e R$ 23 mil, dependendo do cargo Ingressar no Minist\u00e9rio P\u00fablico estadual ou federal \u00e9 o sonho de grande parte dos concurseiros. Al\u00e9m do n\u00famero de vagas [&hellip;]<\/p>\n","protected":false},"author":27,"featured_media":0,"comment_status":"open","ping_status":"closed","sticky":false,"template":"","format":"standard","meta":{"footnotes":""},"categories":[2719],"tags":[3436,178,6672,23,14253,417,853,7907,309,6646,468,30],"class_list":["post-14822","post","type-post","status-publish","format-standard","hentry","category-servidor","tag-basicos","tag-candidatos","tag-concurseiros","tag-concursos","tag-gran-cursos-online","tag-ministerio-publico","tag-mp","tag-nivel-medio","tag-nivel-superior","tag-oportunidades","tag-previsao","tag-salarios"],"_links":{"self":[{"href":"https:\/\/blogs.correiobraziliense.com.br\/servidor\/wp-json\/wp\/v2\/posts\/14822","targetHints":{"allow":["GET"]}}],"collection":[{"href":"https:\/\/blogs.correiobraziliense.com.br\/servidor\/wp-json\/wp\/v2\/posts"}],"about":[{"href":"https:\/\/blogs.correiobraziliense.com.br\/servidor\/wp-json\/wp\/v2\/types\/post"}],"author":[{"embeddable":true,"href":"https:\/\/blogs.correiobraziliense.com.br\/servidor\/wp-json\/wp\/v2\/users\/27"}],"replies":[{"embeddable":true,"href":"https:\/\/blogs.correiobraziliense.com.br\/servidor\/wp-json\/wp\/v2\/comments?post=14822"}],"version-history":[{"count":1,"href":"https:\/\/blogs.correiobraziliense.com.br\/servidor\/wp-json\/wp\/v2\/posts\/14822\/revisions"}],"predecessor-version":[{"id":14823,"href":"https:\/\/blogs.correiobraziliense.com.br\/servidor\/wp-json\/wp\/v2\/posts\/14822\/revisions\/14823"}],"wp:attachment":[{"href":"https:\/\/blogs.correiobraziliense.com.br\/servidor\/wp-json\/wp\/v2\/media?parent=14822"}],"wp:term":[{"taxonomy":"category","embeddable":true,"href":"https:\/\/blogs.correiobraziliense.com.br\/servidor\/wp-json\/wp\/v2\/categories?post=14822"},{"taxonomy":"post_tag","embeddable":true,"href":"https:\/\/blogs.correiobraziliense.com.br\/servidor\/wp-json\/wp\/v2\/tags?post=14822"}],"curies":[{"name":"wp","href":"https:\/\/api.w.org\/{rel}","templated":true}]}}