{"id":14818,"date":"2020-01-07T11:30:12","date_gmt":"2020-01-07T14:30:12","guid":{"rendered":"https:\/\/blogs.correiobraziliense.com.br\/servidor\/?p=14818"},"modified":"2020-01-07T11:30:12","modified_gmt":"2020-01-07T14:30:12","slug":"distribuicao-de-passagens-nos-trens-sera-nesta-terca-feira-7","status":"publish","type":"post","link":"https:\/\/blogs.correiobraziliense.com.br\/servidor\/distribuicao-de-passagens-nos-trens-sera-nesta-terca-feira-7\/","title":{"rendered":"Distribui\u00e7\u00e3o de passagens nos trens ser\u00e1 nesta ter\u00e7a-feira (7)"},"content":{"rendered":"<p><em>Medida prevista em acordo assinado pela Defensoria P\u00fablica e pela Supervia garante compensa\u00e7\u00e3o coletiva aos passageiros prejudicados com a retirada de circula\u00e7\u00e3o de 40 trens em novembro<\/em><\/p>\n<p>Ser\u00e1 nesta ter\u00e7a-feira (7) a distribui\u00e7\u00e3o dos 130.435 bilhetes garantidos em acordo assinado pela Defensoria P\u00fablica do Rio de Janeiro (DPRJ) e pela Supervia aos passageiros que em novembro de 2019 foram prejudicados com a retirada de circula\u00e7\u00e3o de 40 trens do cons\u00f3rcio chin\u00eas CRRC (todos apresentaram defeitos de fabrica\u00e7\u00e3o). Com in\u00edcio \u00e0s 6h exclusivamente nos ramais de Japeri, Deodoro, Santa Cruz e Saracaruna (ou seja, nos ramais de maior movimento), a medida corresponde ao pagamento de indeniza\u00e7\u00e3o social e coletiva de R$ 600 mil, por danos morais, em raz\u00e3o dos problemas enfrentados na ocasi\u00e3o por usu\u00e1rios. O valor previsto no documento foi revertido em passagens no acordo.<\/p>\n<p>Assinado tamb\u00e9m por representantes do Legislativo, pela Secretaria estadual de Transportes e pela Agetransp, o documento prev\u00ea a distribui\u00e7\u00e3o de, no m\u00e1ximo, dois bilhetes por pessoa. Conforme definido pela Supervia, as passagens ser\u00e3o distribu\u00eddas nas esta\u00e7\u00f5es Santa Cruz, Paci\u00eancia, Campo Grande, Bangu, Realengo, Queimados, Nova Igua\u00e7u, Mesquita, Nil\u00f3polis e Ricardo de Albuquerque. E tamb\u00e9m em Deodoro, Marechal Hermes, Madureira, Engenho de Dentro, M\u00e9ier, Saracuruna e Gramacho.<\/p>\n<p>O acordo tamb\u00e9m refor\u00e7a o compromisso de reparo das composi\u00e7\u00f5es com problemas conforme cronograma definido no documento. Segundo o Termo de Compromisso, todos os trens operados pela SuperVia devem voltar a circular com caixas de engrenagem, novas e tempor\u00e1rias, a partir do dia 17 de janeiro. E, a partir de 22 de setembro de 2020, os 70 trens do cons\u00f3rcio chin\u00eas CRRC devem voltar a operar com caixas de engrenagem novas e definitivas.<\/p>\n<p>O fato que resultou no acordo envolve a retirada de 40 trens da CRRC de circula\u00e7\u00e3o, mas h\u00e1 70 trens da mesma empresa em que \u00e9 necess\u00e1ria a troca da caixa de engrenagem.<\/p>\n<p>O Termo de Compromisso estabelece ainda que, durante o per\u00edodo em que for feita a troca da caixa de engrenagem provis\u00f3ria para a definitiva (ou seja, de 20 de abril a 22 de setembro de 2020), n\u00e3o pode haver retirada de mais de quatro trens de circula\u00e7\u00e3o, simultaneamente, para o mesmo fim. Outros tens s\u00f3 podem sair de circula\u00e7\u00e3o para o reparo com o retorno da unidade anterior.<\/p>\n","protected":false},"excerpt":{"rendered":"<p>Medida prevista em acordo assinado pela Defensoria P\u00fablica e pela Supervia garante compensa\u00e7\u00e3o coletiva aos passageiros prejudicados com a retirada de circula\u00e7\u00e3o de 40 trens em novembro Ser\u00e1 nesta ter\u00e7a-feira (7) a distribui\u00e7\u00e3o dos 130.435 bilhetes garantidos em acordo assinado pela Defensoria P\u00fablica do Rio de Janeiro (DPRJ) e pela Supervia aos passageiros que em novembro de 2019 foram prejudicados [&hellip;]<\/p>\n","protected":false},"author":27,"featured_media":0,"comment_status":"open","ping_status":"closed","sticky":false,"template":"","format":"standard","meta":{"footnotes":""},"categories":[2719],"tags":[16668,16669,2876,3534,15303,7576,1037,151,5139,1393,9497,16667,6242],"class_list":["post-14818","post","type-post","status-publish","format-standard","hentry","category-servidor","tag-consocio-crrc","tag-defeitos","tag-defensoria-publica","tag-distribuicao","tag-dprj","tag-fabricacao","tag-indenizacao","tag-pagamento","tag-passageiros","tag-passagens","tag-ramais","tag-supervia","tag-trens"],"_links":{"self":[{"href":"https:\/\/blogs.correiobraziliense.com.br\/servidor\/wp-json\/wp\/v2\/posts\/14818","targetHints":{"allow":["GET"]}}],"collection":[{"href":"https:\/\/blogs.correiobraziliense.com.br\/servidor\/wp-json\/wp\/v2\/posts"}],"about":[{"href":"https:\/\/blogs.correiobraziliense.com.br\/servidor\/wp-json\/wp\/v2\/types\/post"}],"author":[{"embeddable":true,"href":"https:\/\/blogs.correiobraziliense.com.br\/servidor\/wp-json\/wp\/v2\/users\/27"}],"replies":[{"embeddable":true,"href":"https:\/\/blogs.correiobraziliense.com.br\/servidor\/wp-json\/wp\/v2\/comments?post=14818"}],"version-history":[{"count":1,"href":"https:\/\/blogs.correiobraziliense.com.br\/servidor\/wp-json\/wp\/v2\/posts\/14818\/revisions"}],"predecessor-version":[{"id":14819,"href":"https:\/\/blogs.correiobraziliense.com.br\/servidor\/wp-json\/wp\/v2\/posts\/14818\/revisions\/14819"}],"wp:attachment":[{"href":"https:\/\/blogs.correiobraziliense.com.br\/servidor\/wp-json\/wp\/v2\/media?parent=14818"}],"wp:term":[{"taxonomy":"category","embeddable":true,"href":"https:\/\/blogs.correiobraziliense.com.br\/servidor\/wp-json\/wp\/v2\/categories?post=14818"},{"taxonomy":"post_tag","embeddable":true,"href":"https:\/\/blogs.correiobraziliense.com.br\/servidor\/wp-json\/wp\/v2\/tags?post=14818"}],"curies":[{"name":"wp","href":"https:\/\/api.w.org\/{rel}","templated":true}]}}