{"id":14810,"date":"2020-01-06T13:43:47","date_gmt":"2020-01-06T16:43:47","guid":{"rendered":"https:\/\/blogs.correiobraziliense.com.br\/servidor\/?p=14810"},"modified":"2020-01-06T13:43:47","modified_gmt":"2020-01-06T16:43:47","slug":"governo-cria-funcoes-comissionadas-para-a-cupula-da-pf","status":"publish","type":"post","link":"https:\/\/blogs.correiobraziliense.com.br\/servidor\/governo-cria-funcoes-comissionadas-para-a-cupula-da-pf\/","title":{"rendered":"Governo cria fun\u00e7\u00f5es comissionadas para a c\u00fapula da PF"},"content":{"rendered":"<p><em>O governo iniciou o ano com um agrado \u00e0 Pol\u00edcia Federal. O presidente Jair Bolsonaro editou na 6\u00aa feira (3) Medida Provis\u00f3ria (MP 918), em edi\u00e7\u00e3o extra do Di\u00e1rio Oficial da Uni\u00e3o (DOU) com benef\u00edcios aos cargos do comando na Pol\u00edcia Federal. O objetivo foi transformar cargos comissionados em fun\u00e7\u00f5es de confian\u00e7a<\/em><\/p>\n<p>Ao todo, fForam criadaos 515 cargos\u00a0 Fun\u00e7\u00f5es Comissionadas do Poder Executivo (FCPE) e Fun\u00e7\u00f5es Gratificadas (FG). Foi um remanejamento, de acordo com a medida, sem aumento de despesas. Aos mesmo tempo, foram extintos 344 postos, entre eles 281 cargos Grupo-Dire\u00e7\u00e3o e Assessoramento Superiores) alocados na Pol\u00edcia Federal (DAS).<\/p>\n<p>Al\u00e9m do presidente Jair Bolsonaro, assinam o documento o ministro Sergio Moro (Justi\u00e7a e Seguran\u00e7a P\u00fablica) e o secret\u00e1rio-executivo do Minist\u00e9rio da Economia, Marcelo Pacheco dos Guaranys.<\/p>\n<p>&nbsp;<\/p>\n","protected":false},"excerpt":{"rendered":"<p>O governo iniciou o ano com um agrado \u00e0 Pol\u00edcia Federal. O presidente Jair Bolsonaro editou na 6\u00aa feira (3) Medida Provis\u00f3ria (MP 918), em edi\u00e7\u00e3o extra do Di\u00e1rio Oficial da Uni\u00e3o (DOU) com benef\u00edcios aos cargos do comando na Pol\u00edcia Federal. O objetivo foi transformar cargos comissionados em fun\u00e7\u00f5es de confian\u00e7a Ao todo, fForam criadaos 515 cargos\u00a0 Fun\u00e7\u00f5es Comissionadas [&hellip;]<\/p>\n","protected":false},"author":27,"featured_media":0,"comment_status":"open","ping_status":"closed","sticky":false,"template":"","format":"standard","meta":{"footnotes":""},"categories":[2719],"tags":[852,1776,2938,3172,1769,1065,98,16660,319,12788],"class_list":["post-14810","post","type-post","status-publish","format-standard","hentry","category-servidor","tag-beneficios","tag-comando","tag-comissionadas","tag-confianca","tag-dou","tag-funcoes","tag-governo","tag-mp-918-2020","tag-pf","tag-politica-militar"],"_links":{"self":[{"href":"https:\/\/blogs.correiobraziliense.com.br\/servidor\/wp-json\/wp\/v2\/posts\/14810","targetHints":{"allow":["GET"]}}],"collection":[{"href":"https:\/\/blogs.correiobraziliense.com.br\/servidor\/wp-json\/wp\/v2\/posts"}],"about":[{"href":"https:\/\/blogs.correiobraziliense.com.br\/servidor\/wp-json\/wp\/v2\/types\/post"}],"author":[{"embeddable":true,"href":"https:\/\/blogs.correiobraziliense.com.br\/servidor\/wp-json\/wp\/v2\/users\/27"}],"replies":[{"embeddable":true,"href":"https:\/\/blogs.correiobraziliense.com.br\/servidor\/wp-json\/wp\/v2\/comments?post=14810"}],"version-history":[{"count":1,"href":"https:\/\/blogs.correiobraziliense.com.br\/servidor\/wp-json\/wp\/v2\/posts\/14810\/revisions"}],"predecessor-version":[{"id":14811,"href":"https:\/\/blogs.correiobraziliense.com.br\/servidor\/wp-json\/wp\/v2\/posts\/14810\/revisions\/14811"}],"wp:attachment":[{"href":"https:\/\/blogs.correiobraziliense.com.br\/servidor\/wp-json\/wp\/v2\/media?parent=14810"}],"wp:term":[{"taxonomy":"category","embeddable":true,"href":"https:\/\/blogs.correiobraziliense.com.br\/servidor\/wp-json\/wp\/v2\/categories?post=14810"},{"taxonomy":"post_tag","embeddable":true,"href":"https:\/\/blogs.correiobraziliense.com.br\/servidor\/wp-json\/wp\/v2\/tags?post=14810"}],"curies":[{"name":"wp","href":"https:\/\/api.w.org\/{rel}","templated":true}]}}