{"id":1480,"date":"2016-04-12T17:44:13","date_gmt":"2016-04-12T20:44:13","guid":{"rendered":"https:\/\/blogs.correiobraziliense.com.br\/servidor\/?p=1480"},"modified":"2016-04-12T17:44:13","modified_gmt":"2016-04-12T20:44:13","slug":"oabesadf-oferece-curso-de-direito-autoral","status":"publish","type":"post","link":"https:\/\/blogs.correiobraziliense.com.br\/servidor\/oabesadf-oferece-curso-de-direito-autoral\/","title":{"rendered":"OAB\/ESA\/DF OFERECE CURSO DE DIREITO AUTORAL"},"content":{"rendered":"<p>A Escola de Superior de Advocacia do Distrito Federal (OAB\/ESA\/DF) realizar\u00e1, de 9 a 12 de maio, curso com conte\u00fado in\u00e9dito de direito autoral, voltado a advogados e estudantes de Direito. Os professores Luciano Andrade e Carolina Panzolini abordar\u00e3o os cen\u00e1rios atuais sobre tema, em \u00e2mbito nacional e internacional, tra\u00e7ando ainda um paralelo com a propriedade intelectual.<\/p>\n<p>As aulas ser\u00e3o na sede da Ordem dos Advogados do Brasil do Distrito Federal (OAB\/DF), em Bras\u00edlia, das 19h30 \u00e0s 22h30.<\/p>\n<p>Para participar \u00e9 preciso se inscrever no site da OAB\/DF &#8211;\u00a0<a href=\"http:\/\/www.oabdf.org.br\" target=\"_blank\">www.oabdf.org.br<\/a>. Mais informa\u00e7\u00f5es sobre o evento pelo telefone (61) 3035-7292 ou (61) 3035-7287.<\/p>\n<p>Temas<\/p>\n<p>Est\u00e3o na programa\u00e7\u00e3o temas como: Conceito de obra autoral e o que pode ser objeto de prote\u00e7\u00e3o; Caracter\u00edstica de obra autoral; Quem s\u00e3o os titulares do Direito Autoral; Prazo de prote\u00e7\u00e3o do Direito Autoral; Natureza e necessidade do registro para o Direito Autoral; Direito autoral x Direito do trabalho (autor empregado) x Direito do entretenimento x Moda; Direitos patrimoniais (copyright &#8211; common law) x Direitos morais (civil law); Cess\u00e3o do Direito Autoral; Direitos conexos; Exce\u00e7\u00f5es \u00e0 prote\u00e7\u00e3o do Direito Autoral; Infring\u00eancia ao Direito Autoral; Gest\u00e3o Coletiva; Equil\u00edbrio (acesso x prote\u00e7\u00e3o); Direito autoral x Direito digital\u00a0x internet (perspectivas) x novos modelos de neg\u00f3cios x mudan\u00e7a de paradigma.<\/p>\n","protected":false},"excerpt":{"rendered":"<p>A Escola de Superior de Advocacia do Distrito Federal (OAB\/ESA\/DF) realizar\u00e1, de 9 a 12 de maio, curso com conte\u00fado in\u00e9dito de direito autoral, voltado a advogados e estudantes de Direito. Os professores Luciano Andrade e Carolina Panzolini abordar\u00e3o os cen\u00e1rios atuais sobre tema, em \u00e2mbito nacional e internacional, tra\u00e7ando ainda um paralelo com a propriedade intelectual. As aulas ser\u00e3o [&hellip;]<\/p>\n","protected":false},"author":27,"featured_media":0,"comment_status":"open","ping_status":"closed","sticky":false,"template":"","format":"standard","meta":{"footnotes":""},"categories":[1],"tags":[265,1694,1076,116,1163,561,1696,1071,70,1693,1695],"class_list":["post-1480","post","type-post","status-publish","format-standard","hentry","category-sem-categoria","tag-advogados","tag-autoral","tag-curso","tag-direito","tag-estudantes","tag-informacoes","tag-intelectual","tag-internacional","tag-nacional","tag-oabesadf","tag-propriedade"],"_links":{"self":[{"href":"https:\/\/blogs.correiobraziliense.com.br\/servidor\/wp-json\/wp\/v2\/posts\/1480","targetHints":{"allow":["GET"]}}],"collection":[{"href":"https:\/\/blogs.correiobraziliense.com.br\/servidor\/wp-json\/wp\/v2\/posts"}],"about":[{"href":"https:\/\/blogs.correiobraziliense.com.br\/servidor\/wp-json\/wp\/v2\/types\/post"}],"author":[{"embeddable":true,"href":"https:\/\/blogs.correiobraziliense.com.br\/servidor\/wp-json\/wp\/v2\/users\/27"}],"replies":[{"embeddable":true,"href":"https:\/\/blogs.correiobraziliense.com.br\/servidor\/wp-json\/wp\/v2\/comments?post=1480"}],"version-history":[{"count":1,"href":"https:\/\/blogs.correiobraziliense.com.br\/servidor\/wp-json\/wp\/v2\/posts\/1480\/revisions"}],"predecessor-version":[{"id":1481,"href":"https:\/\/blogs.correiobraziliense.com.br\/servidor\/wp-json\/wp\/v2\/posts\/1480\/revisions\/1481"}],"wp:attachment":[{"href":"https:\/\/blogs.correiobraziliense.com.br\/servidor\/wp-json\/wp\/v2\/media?parent=1480"}],"wp:term":[{"taxonomy":"category","embeddable":true,"href":"https:\/\/blogs.correiobraziliense.com.br\/servidor\/wp-json\/wp\/v2\/categories?post=1480"},{"taxonomy":"post_tag","embeddable":true,"href":"https:\/\/blogs.correiobraziliense.com.br\/servidor\/wp-json\/wp\/v2\/tags?post=1480"}],"curies":[{"name":"wp","href":"https:\/\/api.w.org\/{rel}","templated":true}]}}