{"id":14788,"date":"2020-01-03T16:22:58","date_gmt":"2020-01-03T19:22:58","guid":{"rendered":"https:\/\/blogs.correiobraziliense.com.br\/servidor\/?p=14788"},"modified":"2020-01-03T16:22:58","modified_gmt":"2020-01-03T19:22:58","slug":"me-feriados-e-pontos-facultativos-em-2020","status":"publish","type":"post","link":"https:\/\/blogs.correiobraziliense.com.br\/servidor\/me-feriados-e-pontos-facultativos-em-2020\/","title":{"rendered":"ME &#8211; Feriados e pontos facultativos em 2020"},"content":{"rendered":"<article id=\"post-43472\" class=\"post-43472 post type-post status-publish format-standard has-post-thumbnail category-destaques\">\n<div class=\"td-post-content\">\n<div id=\"viewlet-below-content-title\">\n<div id=\"viewlet-social-like\" class=\"horizontal\">\n<div>\n<div class=\"a2a_kit a2a_kit_size_32 a2a_default_style\"><em>O Minist\u00e9rio da Economia divulgou na Portaria n\u00ba 679, em edi\u00e7\u00e3o extra do Di\u00e1rio Oficial da Uni\u00e3o (DOU) de 31 de dezembro de 2019, o cronograma de feriados nacionais e pontos facultativos de 2020 a ser seguido por \u00f3rg\u00e3os e entidades da administra\u00e7\u00e3o p\u00fablica federal direta, aut\u00e1rquica e fundacional do Poder Executivo, sem comprometimento dos servi\u00e7os essenciais \u00e0 popula\u00e7\u00e3o<\/em><\/div>\n<\/div>\n<\/div>\n<\/div>\n<div>\n<p>O Minist\u00e9rio da Economia alerta que n\u00e3o ser\u00e1 permitido antecipar ou postergar ponto facultativo em discord\u00e2ncia com o que disp\u00f5e a portaria. Os dias de guarda dos credos e religi\u00f5es n\u00e3o relacionados poder\u00e3o ser compensados, desde que previamente autorizados pelo respons\u00e1vel pela unidade administrativa de exerc\u00edcio do servidor.<\/p>\n<p>Os feriados declarados em lei estadual ou municipal ser\u00e3o observados pelas reparti\u00e7\u00f5es da administra\u00e7\u00e3o p\u00fablica federal direta, aut\u00e1rquica e fundacional, nas respectivas localidades.<\/p>\n<p class=\"callout\"><strong>Veja o calend\u00e1rio:<\/strong><\/p>\n<ul>\n<li>1\u00ba de janeiro, Confraterniza\u00e7\u00e3o Universal (feriado nacional);<\/li>\n<li>24 de fevereiro, Carnaval (ponto facultativo);<\/li>\n<li>25 de fevereiro, Carnaval (ponto facultativo);<\/li>\n<li>26 de fevereiro, quarta-feira de cinzas (ponto facultativo at\u00e9 as 14 horas);<\/li>\n<li>10 de abril, Paix\u00e3o de Cristo (feriado nacional);<\/li>\n<li>21 de abril, Tiradentes (feriado nacional);<\/li>\n<li>1\u00ba de maio, Dia Mundial do Trabalho (feriado nacional);<\/li>\n<li>11 de junho, Corpus Christi (ponto facultativo);<\/li>\n<li>7 de setembro, Independ\u00eancia do Brasil (feriado nacional);<\/li>\n<li>12 de outubro, Nossa Senhora Aparecida (feriado nacional);<\/li>\n<li>28 de outubro, Dia do Servidor P\u00fablico \u2013 art. 236 da Lei n\u00ba 8.112, de 11 de dezembro de 1990 (ponto facultativo);<\/li>\n<li>2 de novembro, Finados (feriado nacional);<\/li>\n<li>15 de novembro, Proclama\u00e7\u00e3o da Rep\u00fablica (feriado nacional);<\/li>\n<li>24 de dezembro, v\u00e9spera de natal (ponto facultativo ap\u00f3s \u00e0s 14 horas);<\/li>\n<li>25 de dezembro, Natal (feriado nacional); e<\/li>\n<li class=\"last-item\">31 de dezembro, v\u00e9spera de ano novo (ponto facultativo ap\u00f3s \u00e0s 14 horas).<\/li>\n<\/ul>\n<\/div>\n<\/div>\n<\/article>\n<div id=\"comments\" class=\"comments\">\n<div id=\"respond\" class=\"comment-respond\">\n<h3 id=\"reply-title\" class=\"comment-reply-title\">https:\/\/asmetro.org.br\/portalsn\/wp-content\/uploads\/2020\/01\/PORTARIA-N%C2%BA-679-DE-30-DE-DEZEMBRO-DE-2019-PORTARIA-N%C2%BA-679-DE-30-DE-DEZEMBRO-DE-2019-DOU-Imprensa-Nacional.pdf<\/h3>\n<p>&nbsp;<\/p>\n<form id=\"commentform\" class=\"comment-form\" action=\"https:\/\/asmetro.org.br\/portalsn\/wp-comments-post.php\" method=\"post\">\n<div class=\"clearfix\"><\/div>\n<div class=\"comment-form-input-wrap td-form-comment\"><textarea id=\"comment\" cols=\"45\" name=\"comment\" rows=\"8\"><\/textarea><\/div>\n<\/form>\n<\/div>\n<\/div>\n","protected":false},"excerpt":{"rendered":"<p>O Minist\u00e9rio da Economia divulgou na Portaria n\u00ba 679, em edi\u00e7\u00e3o extra do Di\u00e1rio Oficial da Uni\u00e3o (DOU) de 31 de dezembro de 2019, o cronograma de feriados nacionais e pontos facultativos de 2020 a ser seguido por \u00f3rg\u00e3os e entidades da administra\u00e7\u00e3o p\u00fablica federal direta, aut\u00e1rquica e fundacional do Poder Executivo, sem comprometimento dos servi\u00e7os essenciais \u00e0 popula\u00e7\u00e3o O [&hellip;]<\/p>\n","protected":false},"author":27,"featured_media":0,"comment_status":"open","ping_status":"closed","sticky":false,"template":"","format":"standard","meta":{"footnotes":""},"categories":[2719],"tags":[16641,797,1769,4487,14327,1413,16640,16642],"class_list":["post-14788","post","type-post","status-publish","format-standard","hentry","category-servidor","tag-16641","tag-cronograma","tag-dou","tag-feriados","tag-ministerio-da-economia","tag-poder-executivo","tag-pontos-facultativos","tag-servicos-essenciais"],"_links":{"self":[{"href":"https:\/\/blogs.correiobraziliense.com.br\/servidor\/wp-json\/wp\/v2\/posts\/14788","targetHints":{"allow":["GET"]}}],"collection":[{"href":"https:\/\/blogs.correiobraziliense.com.br\/servidor\/wp-json\/wp\/v2\/posts"}],"about":[{"href":"https:\/\/blogs.correiobraziliense.com.br\/servidor\/wp-json\/wp\/v2\/types\/post"}],"author":[{"embeddable":true,"href":"https:\/\/blogs.correiobraziliense.com.br\/servidor\/wp-json\/wp\/v2\/users\/27"}],"replies":[{"embeddable":true,"href":"https:\/\/blogs.correiobraziliense.com.br\/servidor\/wp-json\/wp\/v2\/comments?post=14788"}],"version-history":[{"count":1,"href":"https:\/\/blogs.correiobraziliense.com.br\/servidor\/wp-json\/wp\/v2\/posts\/14788\/revisions"}],"predecessor-version":[{"id":14789,"href":"https:\/\/blogs.correiobraziliense.com.br\/servidor\/wp-json\/wp\/v2\/posts\/14788\/revisions\/14789"}],"wp:attachment":[{"href":"https:\/\/blogs.correiobraziliense.com.br\/servidor\/wp-json\/wp\/v2\/media?parent=14788"}],"wp:term":[{"taxonomy":"category","embeddable":true,"href":"https:\/\/blogs.correiobraziliense.com.br\/servidor\/wp-json\/wp\/v2\/categories?post=14788"},{"taxonomy":"post_tag","embeddable":true,"href":"https:\/\/blogs.correiobraziliense.com.br\/servidor\/wp-json\/wp\/v2\/tags?post=14788"}],"curies":[{"name":"wp","href":"https:\/\/api.w.org\/{rel}","templated":true}]}}