{"id":1478,"date":"2016-04-12T17:39:57","date_gmt":"2016-04-12T20:39:57","guid":{"rendered":"https:\/\/blogs.correiobraziliense.com.br\/servidor\/?p=1478"},"modified":"2016-04-12T17:39:57","modified_gmt":"2016-04-12T20:39:57","slug":"aprovado-novo-modelo-de-identidade-funcional-dos-magistrados","status":"publish","type":"post","link":"https:\/\/blogs.correiobraziliense.com.br\/servidor\/aprovado-novo-modelo-de-identidade-funcional-dos-magistrados\/","title":{"rendered":"APROVADO NOVO MODELO DE IDENTIDADE FUNCIONAL DOS MAGISTRADOS"},"content":{"rendered":"<p>Por unanimidade, o plen\u00e1rio do Conselho Nacional de Justi\u00e7a (CNJ) aprovou o novo modelo da carteira de identidade funcional dos magistrados. A nova identidade funcional tem o formato de um cart\u00e3o de cr\u00e9dito e assemelha-se ao Registro de Identifica\u00e7\u00e3o Civil (RIC), documento desenvolvido pelo Minist\u00e9rio da Justi\u00e7a para substituir a carteira de identidade feita em papel.<\/p>\n<p>A nova identidade funcional ser\u00e1 feita em policarbonato, na cor azul e trar\u00e1 um chip de mem\u00f3ria, que poder\u00e1 trazer a certifica\u00e7\u00e3o digital dos magistrados, entre outras informa\u00e7\u00f5es. A foto dos magistrados tamb\u00e9m passar\u00e1 a ser gravada a laser no pr\u00f3prio cart\u00e3o.<\/p>\n<p>O novo modelo foi proposto pela Comiss\u00e3o Permanente de Efici\u00eancia Operacional e Gest\u00e3o de Pessoas, ap\u00f3s um parecer do Departamento de Tecnologia da Informa\u00e7\u00e3o (DTI) do CNJ, que sugeriu as altera\u00e7\u00f5es. A mudan\u00e7a no modelo ser\u00e1 implementada por meio de uma altera\u00e7\u00e3o do anexo da Resolu\u00e7\u00e3o 193 do CNJ, de 8 de maio de 2014, que disp\u00f5e sobre a padroniza\u00e7\u00e3o da carteira identidade dos magistrados.<\/p>\n<p>Segundo o presidente do CNJ e do Supremo Tribunal Federal (STF), ministro Ricardo Lewandowski, uma licita\u00e7\u00e3o ser\u00e1 feita pelo Conselho para escolher a empresa que produzir\u00e1 as novas carteiras funcionais. Feita a licita\u00e7\u00e3o, cada tribunal poder\u00e1 aderir ao certame para produzir as carteiras de seus magistrados.<\/p>\n","protected":false},"excerpt":{"rendered":"<p>Por unanimidade, o plen\u00e1rio do Conselho Nacional de Justi\u00e7a (CNJ) aprovou o novo modelo da carteira de identidade funcional dos magistrados. A nova identidade funcional tem o formato de um cart\u00e3o de cr\u00e9dito e assemelha-se ao Registro de Identifica\u00e7\u00e3o Civil (RIC), documento desenvolvido pelo Minist\u00e9rio da Justi\u00e7a para substituir a carteira de identidade feita em papel. A nova identidade funcional [&hellip;]<\/p>\n","protected":false},"author":27,"featured_media":0,"comment_status":"open","ping_status":"closed","sticky":false,"template":"","format":"standard","meta":{"footnotes":""},"categories":[1],"tags":[1691,1313,1692,621,565,924],"class_list":["post-1478","post","type-post","status-publish","format-standard","hentry","category-sem-categoria","tag-aprovado","tag-funcional","tag-identidade","tag-magistrados","tag-modelo","tag-novo"],"_links":{"self":[{"href":"https:\/\/blogs.correiobraziliense.com.br\/servidor\/wp-json\/wp\/v2\/posts\/1478","targetHints":{"allow":["GET"]}}],"collection":[{"href":"https:\/\/blogs.correiobraziliense.com.br\/servidor\/wp-json\/wp\/v2\/posts"}],"about":[{"href":"https:\/\/blogs.correiobraziliense.com.br\/servidor\/wp-json\/wp\/v2\/types\/post"}],"author":[{"embeddable":true,"href":"https:\/\/blogs.correiobraziliense.com.br\/servidor\/wp-json\/wp\/v2\/users\/27"}],"replies":[{"embeddable":true,"href":"https:\/\/blogs.correiobraziliense.com.br\/servidor\/wp-json\/wp\/v2\/comments?post=1478"}],"version-history":[{"count":1,"href":"https:\/\/blogs.correiobraziliense.com.br\/servidor\/wp-json\/wp\/v2\/posts\/1478\/revisions"}],"predecessor-version":[{"id":1479,"href":"https:\/\/blogs.correiobraziliense.com.br\/servidor\/wp-json\/wp\/v2\/posts\/1478\/revisions\/1479"}],"wp:attachment":[{"href":"https:\/\/blogs.correiobraziliense.com.br\/servidor\/wp-json\/wp\/v2\/media?parent=1478"}],"wp:term":[{"taxonomy":"category","embeddable":true,"href":"https:\/\/blogs.correiobraziliense.com.br\/servidor\/wp-json\/wp\/v2\/categories?post=1478"},{"taxonomy":"post_tag","embeddable":true,"href":"https:\/\/blogs.correiobraziliense.com.br\/servidor\/wp-json\/wp\/v2\/tags?post=1478"}],"curies":[{"name":"wp","href":"https:\/\/api.w.org\/{rel}","templated":true}]}}