{"id":14774,"date":"2020-01-02T12:11:46","date_gmt":"2020-01-02T15:11:46","guid":{"rendered":"https:\/\/blogs.correiobraziliense.com.br\/servidor\/?p=14774"},"modified":"2020-01-02T15:41:17","modified_gmt":"2020-01-02T18:41:17","slug":"novas-regras-de-vestir-no-icmbio-proibem-jeans-rasgado-decote-e-microssaia","status":"publish","type":"post","link":"https:\/\/blogs.correiobraziliense.com.br\/servidor\/novas-regras-de-vestir-no-icmbio-proibem-jeans-rasgado-decote-e-microssaia\/","title":{"rendered":"Novas regras de vestir no ICMBio pro\u00edbem jeans rasgado, decote e microssaia"},"content":{"rendered":"<p><em>No apagar das luzes de 2019, o presidente do Instituto Chico Mendes, coronel da Pol\u00edcia Militar de S\u00e3o Paulo, Homero de Giorge Cerqueira (ex-comandante do Policiamento Ambiental do Estado de S\u00e3o Paulo), definiu novas regras para vestimenta dentro do \u00f3rg\u00e3o. Est\u00e1 &#8220;vedado o uso de cal\u00e7as jeans rasgadas, shorts, bermudas, roupas com transpar\u00eancias, miniblusas, microssaias, roupas decotadas, trajes de gin\u00e1stica, cal\u00e7as de moletom e chinelos&#8221;<\/em><\/p>\n<p>No dia 28 de agosto, o coronel proibiu um manifesto de cerca de 100 servidores nas comemora\u00e7\u00f5es dos 12 anos do \u00f3rg\u00e3o. Na data, as associa\u00e7\u00f5es de servidores ambientais (Asibama-DF e Ascema Nacional) haviam marcado uma assembleia para discutir a crise ambiental e den\u00fancias de persegui\u00e7\u00e3o, retalia\u00e7\u00e3o e de outras tentativas anteriores de proibi\u00e7\u00e3o de assembleia. \u00c0s 9h20, Cerqueira enviou um of\u00edcio \u00e0s associa\u00e7\u00f5es e aos diretores, dizendo que atos previstos na sede n\u00e3o estavam autorizados, \u201cvisto que n\u00e3o foi solicitada a autoriza\u00e7\u00e3o pr\u00e9via\u201d.<\/p>\n<h2><strong>Veja a portaria:<\/strong><\/h2>\n<p><em>&#8220;PORTARIA N\u00ba 834, DE 27 DE DEZEMBRO DE 2019<\/em><\/p>\n<p><em>Modifica a Pol\u00edtica de Uso de Uniformes no Instituto Chico Mendes de Conserva\u00e7\u00e3o da Biodiversidade (Processo SEI n\u00ba. 02070.009430\/2019-15).<\/em><\/p>\n<p><em>O PRESIDENTE DO INSTITUTO CHICO MENDES DE CONSERVA\u00c7\u00c3O DA BIODIVERSIDADE &#8211; ICMBio, no uso das compet\u00eancias atribu\u00eddas pelo artigo 24 do Decreto n\u00ba. 8.974, de 24 de janeiro de 2017 e pela Portaria n\u00ba 1.690, de 30 de abril de 2019, publicada no mesmo dia no Di\u00e1rio Oficial da Uni\u00e3o, resolve:<\/em><\/p>\n<p><em>Art. 1\u00ba Fica acrescido o par\u00e1grafo \u00fanico ao art. 2\u00ba da Portaria n\u00ba 277, de 3 de abril de 2018, com a seguinte reda\u00e7\u00e3o:<\/em><\/p>\n<p><em>&#8220;Art. 2\u00ba &#8230;&#8230;&#8230;&#8230;&#8230;&#8230;&#8230;&#8230;&#8230;&#8230;&#8230;&#8230;&#8230;&#8230;&#8230;&#8230;&#8230;&#8230;&#8230;&#8230;..<\/em><\/p>\n<p><em>Par\u00e1grafo \u00fanico. Aos servidores que atuam na sede do ICMBIO, que n\u00e3o se utilizarem do uniforme, bem como aos prestadores de servi\u00e7o, estagi\u00e1rios, consultores e bolsistas, fica vedado o uso de cal\u00e7as jeans rasgadas, shorts, bermudas, roupas com transpar\u00eancias, miniblusas, microssaias, roupas decotadas, trajes de gin\u00e1stica, cal\u00e7as de moletom e chinelos.<\/em><\/p>\n<p><em>Art. 2\u00ba Esta Portaria entra em vigor na data de sua publica\u00e7\u00e3o.<\/em><\/p>\n<p><em>HOMERO DE GIORGE CERQUEIRA&#8221;<\/em><\/p>\n","protected":false},"excerpt":{"rendered":"<p>No apagar das luzes de 2019, o presidente do Instituto Chico Mendes, coronel da Pol\u00edcia Militar de S\u00e3o Paulo, Homero de Giorge Cerqueira (ex-comandante do Policiamento Ambiental do Estado de S\u00e3o Paulo), definiu novas regras para vestimenta dentro do \u00f3rg\u00e3o. Est\u00e1 &#8220;vedado o uso de cal\u00e7as jeans rasgadas, shorts, bermudas, roupas com transpar\u00eancias, miniblusas, microssaias, roupas decotadas, trajes de gin\u00e1stica, [&hellip;]<\/p>\n","protected":false},"author":27,"featured_media":14777,"comment_status":"open","ping_status":"closed","sticky":false,"template":"","format":"standard","meta":{"footnotes":""},"categories":[2719],"tags":[16636,2140,12378,16637,751],"class_list":["post-14774","post","type-post","status-publish","format-standard","has-post-thumbnail","hentry","category-servidor","tag-cewstimenta","tag-competencias","tag-icmbio","tag-portaria-834-2019","tag-regras"],"_links":{"self":[{"href":"https:\/\/blogs.correiobraziliense.com.br\/servidor\/wp-json\/wp\/v2\/posts\/14774","targetHints":{"allow":["GET"]}}],"collection":[{"href":"https:\/\/blogs.correiobraziliense.com.br\/servidor\/wp-json\/wp\/v2\/posts"}],"about":[{"href":"https:\/\/blogs.correiobraziliense.com.br\/servidor\/wp-json\/wp\/v2\/types\/post"}],"author":[{"embeddable":true,"href":"https:\/\/blogs.correiobraziliense.com.br\/servidor\/wp-json\/wp\/v2\/users\/27"}],"replies":[{"embeddable":true,"href":"https:\/\/blogs.correiobraziliense.com.br\/servidor\/wp-json\/wp\/v2\/comments?post=14774"}],"version-history":[{"count":3,"href":"https:\/\/blogs.correiobraziliense.com.br\/servidor\/wp-json\/wp\/v2\/posts\/14774\/revisions"}],"predecessor-version":[{"id":14776,"href":"https:\/\/blogs.correiobraziliense.com.br\/servidor\/wp-json\/wp\/v2\/posts\/14774\/revisions\/14776"}],"wp:featuredmedia":[{"embeddable":true,"href":"https:\/\/blogs.correiobraziliense.com.br\/servidor\/wp-json\/wp\/v2\/media\/14777"}],"wp:attachment":[{"href":"https:\/\/blogs.correiobraziliense.com.br\/servidor\/wp-json\/wp\/v2\/media?parent=14774"}],"wp:term":[{"taxonomy":"category","embeddable":true,"href":"https:\/\/blogs.correiobraziliense.com.br\/servidor\/wp-json\/wp\/v2\/categories?post=14774"},{"taxonomy":"post_tag","embeddable":true,"href":"https:\/\/blogs.correiobraziliense.com.br\/servidor\/wp-json\/wp\/v2\/tags?post=14774"}],"curies":[{"name":"wp","href":"https:\/\/api.w.org\/{rel}","templated":true}]}}