{"id":14752,"date":"2019-12-23T14:26:55","date_gmt":"2019-12-23T17:26:55","guid":{"rendered":"https:\/\/blogs.correiobraziliense.com.br\/servidor\/?p=14752"},"modified":"2019-12-23T14:26:55","modified_gmt":"2019-12-23T17:26:55","slug":"900-mil-novos-idosos-ficaram-inadimplentes-em-um-ano-diz-serasa-experian","status":"publish","type":"post","link":"https:\/\/blogs.correiobraziliense.com.br\/servidor\/900-mil-novos-idosos-ficaram-inadimplentes-em-um-ano-diz-serasa-experian\/","title":{"rendered":"900 mil novos idosos ficaram inadimplentes em um ano, diz Serasa Experian"},"content":{"rendered":"<p><em>Essa faixa et\u00e1ria foi a que mais cresceu em 2019.\u00a0Os bancos e cart\u00f5es continuam concentrando o maior volume de d\u00edvidas, 32,3%, um aumento de 0,3 ponto percentual com rela\u00e7\u00e3o a setembro de 2019. O Varejo aparece na sequ\u00eancia, seguido por Telecom.<\/em><\/p>\n<p>Entre todas as faixas et\u00e1rias, a inadimpl\u00eancia das pessoas com mais de 60 anos foi a que mais cresceu em 2019. De outubro de 2018 a outubro de deste ano, 900 mil novos idosos deixaram de pagar suas contas, ou seja, um aumento de 10,1% no per\u00edodo, atingindo 9,8 milh\u00f5es de inadimplentes. A alta do \u00edndice geral neste mesmo intervalo foi de 3,4%. Em outubro deste ano, havia 63,9 milh\u00f5es de consumidores com as contas atrasadas e n\u00e3o pagas, representando 40,9% da popula\u00e7\u00e3o adulta.<\/p>\n<p><img loading=\"lazy\" decoding=\"async\" class=\"size-full wp-image-14753 aligncenter\" src=\"https:\/\/blogs.correiobraziliense.com.br\/servidor\/wp-content\/uploads\/sites\/10\/2019\/12\/inadimplentes-milh\u00f5es.png\" alt=\"\" width=\"750\" height=\"450\" srcset=\"https:\/\/blogs.correiobraziliense.com.br\/servidor\/wp-content\/uploads\/sites\/10\/2019\/12\/inadimplentes-milh\u00f5es.png 750w, https:\/\/blogs.correiobraziliense.com.br\/servidor\/wp-content\/uploads\/sites\/10\/2019\/12\/inadimplentes-milh\u00f5es-300x180.png 300w, https:\/\/blogs.correiobraziliense.com.br\/servidor\/wp-content\/uploads\/sites\/10\/2019\/12\/inadimplentes-milh\u00f5es-350x210.png 350w, https:\/\/blogs.correiobraziliense.com.br\/servidor\/wp-content\/uploads\/sites\/10\/2019\/12\/inadimplentes-milh\u00f5es-550x330.png 550w, https:\/\/blogs.correiobraziliense.com.br\/servidor\/wp-content\/uploads\/sites\/10\/2019\/12\/inadimplentes-milh\u00f5es-230x138.png 230w\" sizes=\"auto, (max-width: 750px) 100vw, 750px\" \/><\/p>\n<p><img loading=\"lazy\" decoding=\"async\" class=\"size-large wp-image-14754 aligncenter\" src=\"https:\/\/blogs.correiobraziliense.com.br\/servidor\/wp-content\/uploads\/sites\/10\/2019\/12\/inadimplentes-milh\u00f5es-1-1024x906.png\" alt=\"\" width=\"1024\" height=\"906\" srcset=\"https:\/\/blogs.correiobraziliense.com.br\/servidor\/wp-content\/uploads\/sites\/10\/2019\/12\/inadimplentes-milh\u00f5es-1-1024x906.png 1024w, https:\/\/blogs.correiobraziliense.com.br\/servidor\/wp-content\/uploads\/sites\/10\/2019\/12\/inadimplentes-milh\u00f5es-1-300x266.png 300w, https:\/\/blogs.correiobraziliense.com.br\/servidor\/wp-content\/uploads\/sites\/10\/2019\/12\/inadimplentes-milh\u00f5es-1-768x680.png 768w, https:\/\/blogs.correiobraziliense.com.br\/servidor\/wp-content\/uploads\/sites\/10\/2019\/12\/inadimplentes-milh\u00f5es-1-350x310.png 350w, https:\/\/blogs.correiobraziliense.com.br\/servidor\/wp-content\/uploads\/sites\/10\/2019\/12\/inadimplentes-milh\u00f5es-1-1440x1274.png 1440w, https:\/\/blogs.correiobraziliense.com.br\/servidor\/wp-content\/uploads\/sites\/10\/2019\/12\/inadimplentes-milh\u00f5es-1-550x487.png 550w, https:\/\/blogs.correiobraziliense.com.br\/servidor\/wp-content\/uploads\/sites\/10\/2019\/12\/inadimplentes-milh\u00f5es-1-230x204.png 230w\" sizes=\"auto, (max-width: 1024px) 100vw, 1024px\" \/><\/p>\n<p>\u201cA concess\u00e3o de cr\u00e9dito no Brasil depende principalmente do score de cr\u00e9dito, uma pontua\u00e7\u00e3o que avalia o comportamento financeiro destas pessoas. Os idosos aposentados costumam ter mais facilidade para conseguir empr\u00e9stimos por conta da aposentadoria e do hist\u00f3rico de pagamentos, muito mais longo do que dos mais novos. A expectativa \u00e9 que, com o Cadastro Positivo, as demais faixas tamb\u00e9m passem a ter mais acesso gra\u00e7as ao forte impacto que os novos dados ter\u00e3o na pontua\u00e7\u00e3o de cr\u00e9dito\u201d, comenta o economista da Serasa Experian, Luiz Rabi.<\/p>\n<p>Uma pesquisa recente da Serasa Experian revelou que os entrevistados acima de 40 anos s\u00e3o os que menos afirmam j\u00e1 ter verificado o score \u2013 60,1% das pessoas nesta faixa. J\u00e1 nas demais, 79,4% daqueles entre 18 e 29 anos e 77,3% dos entre 30 e 39 anos dizem j\u00e1 ter visto sua pontua\u00e7\u00e3o de cr\u00e9dito.<\/p>\n<p><strong>Representatividade de bancos e cart\u00f5es continua alta<\/strong><\/p>\n<p>Os bancos e cart\u00f5es continuam concentrando o maior volume de d\u00edvidas, 32,3%, um aumento de 0,3 ponto percentual com rela\u00e7\u00e3o a setembro de 2019. O Varejo aparece na sequ\u00eancia, seguido por Telecom. Confira abaixo:<\/p>\n<p><img loading=\"lazy\" decoding=\"async\" class=\"size-full wp-image-14755 aligncenter\" src=\"https:\/\/blogs.correiobraziliense.com.br\/servidor\/wp-content\/uploads\/sites\/10\/2019\/12\/inadimplentes-milh\u00f5es-2.png\" alt=\"\" width=\"855\" height=\"450\" srcset=\"https:\/\/blogs.correiobraziliense.com.br\/servidor\/wp-content\/uploads\/sites\/10\/2019\/12\/inadimplentes-milh\u00f5es-2.png 855w, https:\/\/blogs.correiobraziliense.com.br\/servidor\/wp-content\/uploads\/sites\/10\/2019\/12\/inadimplentes-milh\u00f5es-2-300x158.png 300w, https:\/\/blogs.correiobraziliense.com.br\/servidor\/wp-content\/uploads\/sites\/10\/2019\/12\/inadimplentes-milh\u00f5es-2-768x404.png 768w, https:\/\/blogs.correiobraziliense.com.br\/servidor\/wp-content\/uploads\/sites\/10\/2019\/12\/inadimplentes-milh\u00f5es-2-350x184.png 350w, https:\/\/blogs.correiobraziliense.com.br\/servidor\/wp-content\/uploads\/sites\/10\/2019\/12\/inadimplentes-milh\u00f5es-2-550x289.png 550w, https:\/\/blogs.correiobraziliense.com.br\/servidor\/wp-content\/uploads\/sites\/10\/2019\/12\/inadimplentes-milh\u00f5es-2-230x121.png 230w\" sizes=\"auto, (max-width: 855px) 100vw, 855px\" \/><\/p>\n<p><strong>Mais da metade da popula\u00e7\u00e3o do Amazonas est\u00e1 inadimplente<\/strong><br \/>\nO Amazonas \u00e9 o Estado com maior porcentagem da popula\u00e7\u00e3o com contas atrasadas, o \u00fanico acima de 50% \u2013 54,2%. Amap\u00e1 e Roraima aparecem na sequ\u00eancia, fazendo com que todos os Estados da regi\u00e3o Norte tenham inadimpl\u00eancia acima da m\u00e9dia nacional, que \u00e9 de 40,9%. Confira abaixo:<\/p>\n<p><img loading=\"lazy\" decoding=\"async\" class=\"size-large wp-image-14756 aligncenter\" src=\"https:\/\/blogs.correiobraziliense.com.br\/servidor\/wp-content\/uploads\/sites\/10\/2019\/12\/inadimplentes-milh\u00f5es-4-1024x589.png\" alt=\"\" width=\"1024\" height=\"589\" srcset=\"https:\/\/blogs.correiobraziliense.com.br\/servidor\/wp-content\/uploads\/sites\/10\/2019\/12\/inadimplentes-milh\u00f5es-4-1024x589.png 1024w, https:\/\/blogs.correiobraziliense.com.br\/servidor\/wp-content\/uploads\/sites\/10\/2019\/12\/inadimplentes-milh\u00f5es-4-300x172.png 300w, https:\/\/blogs.correiobraziliense.com.br\/servidor\/wp-content\/uploads\/sites\/10\/2019\/12\/inadimplentes-milh\u00f5es-4-768x442.png 768w, https:\/\/blogs.correiobraziliense.com.br\/servidor\/wp-content\/uploads\/sites\/10\/2019\/12\/inadimplentes-milh\u00f5es-4-350x201.png 350w, https:\/\/blogs.correiobraziliense.com.br\/servidor\/wp-content\/uploads\/sites\/10\/2019\/12\/inadimplentes-milh\u00f5es-4-1440x828.png 1440w, https:\/\/blogs.correiobraziliense.com.br\/servidor\/wp-content\/uploads\/sites\/10\/2019\/12\/inadimplentes-milh\u00f5es-4-550x316.png 550w, https:\/\/blogs.correiobraziliense.com.br\/servidor\/wp-content\/uploads\/sites\/10\/2019\/12\/inadimplentes-milh\u00f5es-4-230x132.png 230w, https:\/\/blogs.correiobraziliense.com.br\/servidor\/wp-content\/uploads\/sites\/10\/2019\/12\/inadimplentes-milh\u00f5es-4.png 1482w\" sizes=\"auto, (max-width: 1024px) 100vw, 1024px\" \/><br \/>\n<em>Serasa Score<\/em><\/p>\n<p>O Serasa Score \u00e9 a pontua\u00e7\u00e3o de cr\u00e9dito do brasileiro. \u00c9 uma importante ferramenta que tem como objetivo auxiliar o processo de tomada de decis\u00e3o de concess\u00e3o de cr\u00e9dito e realiza\u00e7\u00e3o de neg\u00f3cios. O Serasa Score indica, por meio de uma pontua\u00e7\u00e3o que vai de 0 e 1.000, qual a chance de determinado perfil de consumidores pagar as suas contas em dia nos pr\u00f3ximos 12 meses. Saiba mais em: www.serasaconsumidor.com.br\/score\/<\/p>\n","protected":false},"excerpt":{"rendered":"<p>Essa faixa et\u00e1ria foi a que mais cresceu em 2019.\u00a0Os bancos e cart\u00f5es continuam concentrando o maior volume de d\u00edvidas, 32,3%, um aumento de 0,3 ponto percentual com rela\u00e7\u00e3o a setembro de 2019. O Varejo aparece na sequ\u00eancia, seguido por Telecom. Entre todas as faixas et\u00e1rias, a inadimpl\u00eancia das pessoas com mais de 60 anos foi a que mais cresceu [&hellip;]<\/p>\n","protected":false},"author":27,"featured_media":0,"comment_status":"open","ping_status":"closed","sticky":false,"template":"","format":"standard","meta":{"footnotes":""},"categories":[2719],"tags":[744,363,874,2278,1247,443,2411,1525,16622,10463],"class_list":["post-14752","post","type-post","status-publish","format-standard","hentry","category-servidor","tag-bancos","tag-cartoes","tag-consumidores","tag-contas","tag-dividas","tag-idosos","tag-inadimplentes","tag-pagar","tag-serasa-experian","tag-varejo"],"_links":{"self":[{"href":"https:\/\/blogs.correiobraziliense.com.br\/servidor\/wp-json\/wp\/v2\/posts\/14752","targetHints":{"allow":["GET"]}}],"collection":[{"href":"https:\/\/blogs.correiobraziliense.com.br\/servidor\/wp-json\/wp\/v2\/posts"}],"about":[{"href":"https:\/\/blogs.correiobraziliense.com.br\/servidor\/wp-json\/wp\/v2\/types\/post"}],"author":[{"embeddable":true,"href":"https:\/\/blogs.correiobraziliense.com.br\/servidor\/wp-json\/wp\/v2\/users\/27"}],"replies":[{"embeddable":true,"href":"https:\/\/blogs.correiobraziliense.com.br\/servidor\/wp-json\/wp\/v2\/comments?post=14752"}],"version-history":[{"count":1,"href":"https:\/\/blogs.correiobraziliense.com.br\/servidor\/wp-json\/wp\/v2\/posts\/14752\/revisions"}],"predecessor-version":[{"id":14757,"href":"https:\/\/blogs.correiobraziliense.com.br\/servidor\/wp-json\/wp\/v2\/posts\/14752\/revisions\/14757"}],"wp:attachment":[{"href":"https:\/\/blogs.correiobraziliense.com.br\/servidor\/wp-json\/wp\/v2\/media?parent=14752"}],"wp:term":[{"taxonomy":"category","embeddable":true,"href":"https:\/\/blogs.correiobraziliense.com.br\/servidor\/wp-json\/wp\/v2\/categories?post=14752"},{"taxonomy":"post_tag","embeddable":true,"href":"https:\/\/blogs.correiobraziliense.com.br\/servidor\/wp-json\/wp\/v2\/tags?post=14752"}],"curies":[{"name":"wp","href":"https:\/\/api.w.org\/{rel}","templated":true}]}}